{"id":64933,"date":"2026-08-29T16:57:41","date_gmt":"2026-08-29T16:57:41","guid":{"rendered":"https:\/\/defrentealaverdad.com\/?p=64933"},"modified":"2026-08-29T22:59:07","modified_gmt":"2026-08-29T22:59:07","slug":"raphy-de-leon-es-reconocido-como-locutor-del-ano-en-los-anton-awards-2026","status":"publish","type":"post","link":"https:\/\/defrentealaverdad.com\/index.php\/2026\/08\/29\/raphy-de-leon-es-reconocido-como-locutor-del-ano-en-los-anton-awards-2026\/","title":{"rendered":"Raphy De Le\u00f3n es reconocido como locutor del a\u00f1o en los Anton Awards 2026"},"content":{"rendered":"<p style=\"text-align: justify;\">SANTO DOMINGO. El comunicador Raphy De Le\u00f3n fue reconocido como locutor del a\u00f1o en los Anton Awards Gala Rep\u00fablica Dominicana 2026, distinci\u00f3n que reconoce su trayectoria y proyecci\u00f3n en la locuci\u00f3n comercial y la comunicaci\u00f3n<\/p>\n<p style=\"text-align: justify;\">Al recibir el galard\u00f3n, De Le\u00f3n dedic\u00f3 el reconocimiento a la memoria de su padre, Rafael De Le\u00f3n, al cumplirse diez a\u00f1os de su fallecimiento, y lo comparti\u00f3 con su prometida, a quien agradeci\u00f3 por acompa\u00f1arlo y respaldarlo en cada etapa de su crecimiento profesional<\/p>\n<blockquote>\n<p style=\"text-align: center;\">\u201cEste premio se lo dedico a mi padre Rafael De Le\u00f3n. A diez a\u00f1os de su partida sigue siendo la fuerza que me impulsa a continuar y a cada d\u00eda trabajar con pasi\u00f3n para la persecuci\u00f3n de mis sue\u00f1os\u201d, expres\u00f3.<\/p>\n<\/blockquote>\n<p style=\"text-align: justify;\">La gala, producida por Michel Planchart, fue celebrada en el Auditorium Elohim Central, donde se reunieron representantes de la comunicaci\u00f3n, la m\u00fasica, el entretenimiento, el arte y el ministerio cristiano de distintos pa\u00edses. Los Anton Awards reconocen cada a\u00f1o a profesionales destacados por su trayectoria y aportes en sus respectivas \u00e1reas.<\/p>\n<p style=\"text-align: justify;\">La distinci\u00f3n llega en un momento de proyecci\u00f3n para De Le\u00f3n, quien recientemente integr\u00f3 el equipo de voces comerciales oficiales de la cobertura de la FIFA World Cup 2026, producci\u00f3n realizada por P\u00edo Deportes, en alianza con CDN Canal 37 y CDN Deportes.<\/p>\n<p>Actualmente, De Le\u00f3n forma parte de Multimedios del Caribe, donde conduce y produce el programa Deportivas en CDN, adem\u00e1s de desarrollar trabajos de locuci\u00f3n y comunicaci\u00f3n en distintas plataformas. Tambi\u00e9n acumula cuatro temporadas como voz interna de los Leones del Escogido.<\/p>\n<p style=\"text-align: justify;\">A lo largo de su carrera, ha prestado su voz para reconocidas marcas nacionales e internacionales y ha recibido distinciones como Diamond Voice 2023, adem\u00e1s de una nominaci\u00f3n en la categor\u00eda Voice Over de los Premios El Galard\u00f3n 2023.<\/p>\n<p style=\"text-align: justify;\">De Le\u00f3n es egresado del Instituto Dominicano de Periodismo Dr. Pittaluga Nivar y de la Escuela de Locuci\u00f3n Profesor Otto Rivera, con preparaci\u00f3n especializada en locuci\u00f3n publicitaria y voice casting.<\/p>\n<p>&nbsp;<\/p>\n<p>Fuente: RLCD<\/p>\n","protected":false},"excerpt":{"rendered":"<p>SANTO DOMINGO. El comunicador Raphy De Le\u00f3n fue reconocido como locutor del a\u00f1o en los<\/p>\n","protected":false},"author":1,"featured_media":64934,"comment_status":"open","ping_status":"open","sticky":false,"template":"","format":"standard","meta":{"footnotes":""},"categories":[255],"tags":[],"class_list":["post-64933","post","type-post","status-publish","format-standard","has-post-thumbnail","hentry","category-comunicacion"],"_links":{"self":[{"href":"https:\/\/defrentealaverdad.com\/index.php\/wp-json\/wp\/v2\/posts\/64933","targetHints":{"allow":["GET"]}}],"collection":[{"href":"https:\/\/defrentealaverdad.com\/index.php\/wp-json\/wp\/v2\/posts"}],"about":[{"href":"https:\/\/defrentealaverdad.com\/index.php\/wp-json\/wp\/v2\/types\/post"}],"author":[{"embeddable":true,"href":"https:\/\/defrentealaverdad.com\/index.php\/wp-json\/wp\/v2\/users\/1"}],"replies":[{"embeddable":true,"href":"https:\/\/defrentealaverdad.com\/index.php\/wp-json\/wp\/v2\/comments?post=64933"}],"version-history":[{"count":1,"href":"https:\/\/defrentealaverdad.com\/index.php\/wp-json\/wp\/v2\/posts\/64933\/revisions"}],"predecessor-version":[{"id":64935,"href":"https:\/\/defrentealaverdad.com\/index.php\/wp-json\/wp\/v2\/posts\/64933\/revisions\/64935"}],"wp:featuredmedia":[{"embeddable":true,"href":"https:\/\/defrentealaverdad.com\/index.php\/wp-json\/wp\/v2\/media\/64934"}],"wp:attachment":[{"href":"https:\/\/defrentealaverdad.com\/index.php\/wp-json\/wp\/v2\/media?parent=64933"}],"wp:term":[{"taxonomy":"category","embeddable":true,"href":"https:\/\/defrentealaverdad.com\/index.php\/wp-json\/wp\/v2\/categories?post=64933"},{"taxonomy":"post_tag","embeddable":true,"href":"https:\/\/defrentealaverdad.com\/index.php\/wp-json\/wp\/v2\/tags?post=64933"}],"curies":[{"name":"wp","href":"https:\/\/api.w.org\/{rel}","templated":true}]}}