{"id":6451,"date":"2023-09-04T18:51:51","date_gmt":"2023-09-04T18:51:51","guid":{"rendered":"https:\/\/defrentealaverdad.com\/?p=6451"},"modified":"2023-09-04T18:52:09","modified_gmt":"2023-09-04T18:52:09","slug":"mariana-downing-la-nueva-miss-rd-universo-2023","status":"publish","type":"post","link":"https:\/\/defrentealaverdad.com\/index.php\/2023\/09\/04\/mariana-downing-la-nueva-miss-rd-universo-2023\/","title":{"rendered":"Mariana Downing, la nueva Miss RD Universo 2023"},"content":{"rendered":"<p>Por Mirla Hern\u00e1ndez<\/p>\n<p><img decoding=\"async\" class=\"alignright lazyload\" data-src=\"https:\/\/listindiario.com\/files\/vertical_main_image\/files\/fp\/uploads\/2023\/09\/04\/64f55d96371da.r_d.48-244.jpeg\" alt=\"Mariana Downing,\" width=\"181\" height=\"268\" src=\"data:image\/svg+xml;base64,PHN2ZyB3aWR0aD0iMSIgaGVpZ2h0PSIxIiB4bWxucz0iaHR0cDovL3d3dy53My5vcmcvMjAwMC9zdmciPjwvc3ZnPg==\" style=\"--smush-placeholder-width: 181px; --smush-placeholder-aspect-ratio: 181\/268;\" \/><\/p>\n<p style=\"text-align: justify;\">Santo Domingo &#8211; La noche del domingo Rep\u00fablica Dominicana se mov\u00eda al ritmo de las pasarelas, los trajes de ba\u00f1o, vestidos de gala y muestra de habilidades de las candidatas que buscaban alzarse con la corona del Miss RD Universo 2023, pero de este grupo solo una pod\u00eda a llegar a colocarse la corona de piedras y cristales que tambi\u00e9n se estren\u00f3 este a\u00f1o.<\/p>\n<p style=\"text-align: justify;\">De una preselecci\u00f3n de 15 candidatas, el grupo se\u00a0 redujo a 10, y de estas, se escogieron cinco para la ronda de preguntas, resultando al final como ganadora Mariana Downing, representante de S\u00e1nchez Ram\u00edrez, una de las favoritas para ganar, de las m\u00e1s ovacionadas por el p\u00fablico junto con las representantes de La Vega y Barahona. Pero tambi\u00e9n su nombre est\u00e1 en boca de muchos porque no domina el espa\u00f1ol y respondi\u00f3 en ingl\u00e9s.<\/p>\n<p style=\"text-align: justify;\"><strong>\u00bfQui\u00e9n es Mariana Downing, que ha ganado la versi\u00f3n 67 del Miss Rep\u00fablica Dominicana Universo? <\/strong><\/p>\n<p style=\"text-align: justify;\">Es modelo, actriz y estudiante de filosof\u00eda. Tiene 27 a\u00f1os y su tema en el concurso fue la hambruna mundial. Uno de sus progenitores es de S\u00e1nchez Ram\u00edrez, y su vida la ha hecho fuera del pa\u00eds. \u00a0Downing sorprendi\u00f3 con su presencia entre las j\u00f3venes que buscaban la corona por su pasada relaci\u00f3n con el salsero puertorrique\u00f1o Marc Anthony. En marzo de 2017, cuando ella ten\u00eda 21 y \u00e9l 48, la pareja revel\u00f3 su noviazgo durante la cuarta gala anual de la fundaci\u00f3n Maestro Cares, que presiden el multipremiado artista y el empresario Henry C\u00e1rdenas.<\/p>\n<p>&nbsp;<\/p>\n<p>Fuente: List\u00edn Diario<\/p>\n","protected":false},"excerpt":{"rendered":"<p>Por Mirla Hern\u00e1ndez Santo Domingo &#8211; La noche del domingo Rep\u00fablica Dominicana se mov\u00eda al<\/p>\n","protected":false},"author":4,"featured_media":0,"comment_status":"open","ping_status":"open","sticky":false,"template":"","format":"standard","meta":{"footnotes":""},"categories":[6,7],"tags":[],"class_list":["post-6451","post","type-post","status-publish","format-standard","hentry","category-espectaculos","category-nacionales"],"_links":{"self":[{"href":"https:\/\/defrentealaverdad.com\/index.php\/wp-json\/wp\/v2\/posts\/6451","targetHints":{"allow":["GET"]}}],"collection":[{"href":"https:\/\/defrentealaverdad.com\/index.php\/wp-json\/wp\/v2\/posts"}],"about":[{"href":"https:\/\/defrentealaverdad.com\/index.php\/wp-json\/wp\/v2\/types\/post"}],"author":[{"embeddable":true,"href":"https:\/\/defrentealaverdad.com\/index.php\/wp-json\/wp\/v2\/users\/4"}],"replies":[{"embeddable":true,"href":"https:\/\/defrentealaverdad.com\/index.php\/wp-json\/wp\/v2\/comments?post=6451"}],"version-history":[{"count":2,"href":"https:\/\/defrentealaverdad.com\/index.php\/wp-json\/wp\/v2\/posts\/6451\/revisions"}],"predecessor-version":[{"id":6453,"href":"https:\/\/defrentealaverdad.com\/index.php\/wp-json\/wp\/v2\/posts\/6451\/revisions\/6453"}],"wp:attachment":[{"href":"https:\/\/defrentealaverdad.com\/index.php\/wp-json\/wp\/v2\/media?parent=6451"}],"wp:term":[{"taxonomy":"category","embeddable":true,"href":"https:\/\/defrentealaverdad.com\/index.php\/wp-json\/wp\/v2\/categories?post=6451"},{"taxonomy":"post_tag","embeddable":true,"href":"https:\/\/defrentealaverdad.com\/index.php\/wp-json\/wp\/v2\/tags?post=6451"}],"curies":[{"name":"wp","href":"https:\/\/api.w.org\/{rel}","templated":true}]}}