{"id":6449,"date":"2023-09-04T18:49:30","date_gmt":"2023-09-04T18:49:30","guid":{"rendered":"https:\/\/defrentealaverdad.com\/?p=6449"},"modified":"2023-09-04T18:49:30","modified_gmt":"2023-09-04T18:49:30","slug":"ffaa-refuerzan-a-la-pn-para-garantizar-seguridad-ciudadana-en-el-barrio-capotillo","status":"publish","type":"post","link":"https:\/\/defrentealaverdad.com\/index.php\/2023\/09\/04\/ffaa-refuerzan-a-la-pn-para-garantizar-seguridad-ciudadana-en-el-barrio-capotillo\/","title":{"rendered":"FFAA refuerzan a la PN para garantizar seguridad ciudadana en el barrio Capotillo"},"content":{"rendered":"<div class=\"separator\" style=\"text-align: justify;\">Por Felix Rubio\u00a0<a href=\"https:\/\/blogger.googleusercontent.com\/img\/b\/R29vZ2xl\/AVvXsEjh9CzqoDIyfiVLk8MeGoMHU_zHX45d6xONxarZSCeWu-m5Ho2LbNOeLw-3b-SwLEDQNktBYbXJ18Lm05UcKU_V3VHAyypSFm90cExBM9eT5ZCgmjw7tnbvmGCaMwvM8OJigxBO24B2MaWgkCvWLx2aQhMfB4jk4MvrXQ6nt3QhLVIYT7QBaXmZATPq_m4\/s1600\/IMG-20230903-WA0275.jpg\"><br \/>\n<img decoding=\"async\" class=\"alignleft lazyload\" title=\"IMG-20230903-WA0275\" data-src=\"https:\/\/blogger.googleusercontent.com\/img\/b\/R29vZ2xl\/AVvXsEjh9CzqoDIyfiVLk8MeGoMHU_zHX45d6xONxarZSCeWu-m5Ho2LbNOeLw-3b-SwLEDQNktBYbXJ18Lm05UcKU_V3VHAyypSFm90cExBM9eT5ZCgmjw7tnbvmGCaMwvM8OJigxBO24B2MaWgkCvWLx2aQhMfB4jk4MvrXQ6nt3QhLVIYT7QBaXmZATPq_m4\/s320\/IMG-20230903-WA0275.jpg\" alt=\"IMG-20230903-WA0275\" width=\"320\" height=\"212\" border=\"0\" data-original-height=\"1059\" data-original-width=\"1600\" src=\"data:image\/svg+xml;base64,PHN2ZyB3aWR0aD0iMSIgaGVpZ2h0PSIxIiB4bWxucz0iaHR0cDovL3d3dy53My5vcmcvMjAwMC9zdmciPjwvc3ZnPg==\" style=\"--smush-placeholder-width: 320px; --smush-placeholder-aspect-ratio: 320\/212;\" \/><\/a><\/div>\n<p style=\"text-align: justify;\">Santo Domingo.- Las Fuerzas Armadas\u00a0 desplegaron el viernes m\u00e1s de 268 militares para respaldar el operativo de seguridad ciudadana que realiza la Polic\u00eda Nacional en el barrio Capotillo de esta capital. La medida fue coordinada y supervisada por el Comando Conjunto Metropolitano y se ejecuta para contrarrestar los hechos delictivos escenificados en la zona en los \u00faltimos d\u00edas.<\/p>\n<p style=\"text-align: justify;\">Un tiroteo en la noche del pasado jueves ocurrido en el barrio la 42, del referido sector, provoc\u00f3 la p\u00e9rdida de una vida y otras seis resultaron heridas, por lo que el Comando Conjunto Metropolitano despleg\u00f3 un operativo junto a la Direcci\u00f3n Nacional de Control de Drogas (DNCD) y el Ministerio P\u00fablico, para que los militares realizaran trasteos en helic\u00f3pteros, lanchas y unidades especiales como los Topos, Fuerza Especiales de la Fuerza A\u00e9rea, Comandos Navales Terrestres de la Armada y los Comandos del Ej\u00e9rcito, para garantizar la seguridad de la zona.<\/p>\n<p style=\"text-align: justify;\">En el operativo participaron 56 militares del Ej\u00e9rcito, 37 de la Armada, 24 de la Fuerza A\u00e9rea y otros 151, que involucran al personal entrenado de la Fuerza de Tarea Conjunta CIUTRAN, Unidad de los Linces, Comando Anfibio, la DNCD y los SWAT.<\/p>\n<p style=\"text-align: justify;\">Estuvo encabezado por el incumbente de la Direcci\u00f3n Central del Distrito Nacional Z45, general Ernesto Rodr\u00edguez Garc\u00eda, as\u00ed como el coronel Rafael Almonte Cid, ERD, comandante del Comando Conjunto Metropolitano de las FFAA., y oficiales de las FFAA y la PN.<\/p>\n<p style=\"text-align: justify;\">Desde el Comando Conjunto Unificado de las FFAA se cumplen m\u00faltiples tareas, entre ellas apoyar a la Polic\u00eda Nacional en su misi\u00f3n de velar por la seguridad ciudadana, mediante el combate a la delincuencia y el crimen organizado.<\/p>\n<p style=\"text-align: justify;\">\n<p style=\"text-align: justify;\">Fuente: Elfarord.com<\/p>\n","protected":false},"excerpt":{"rendered":"<p>Por Felix Rubio\u00a0 Santo Domingo.- Las Fuerzas Armadas\u00a0 desplegaron el viernes m\u00e1s de 268 militares<\/p>\n","protected":false},"author":1,"featured_media":0,"comment_status":"open","ping_status":"open","sticky":false,"template":"","format":"standard","meta":{"footnotes":""},"categories":[7],"tags":[],"class_list":["post-6449","post","type-post","status-publish","format-standard","hentry","category-nacionales"],"_links":{"self":[{"href":"https:\/\/defrentealaverdad.com\/index.php\/wp-json\/wp\/v2\/posts\/6449","targetHints":{"allow":["GET"]}}],"collection":[{"href":"https:\/\/defrentealaverdad.com\/index.php\/wp-json\/wp\/v2\/posts"}],"about":[{"href":"https:\/\/defrentealaverdad.com\/index.php\/wp-json\/wp\/v2\/types\/post"}],"author":[{"embeddable":true,"href":"https:\/\/defrentealaverdad.com\/index.php\/wp-json\/wp\/v2\/users\/1"}],"replies":[{"embeddable":true,"href":"https:\/\/defrentealaverdad.com\/index.php\/wp-json\/wp\/v2\/comments?post=6449"}],"version-history":[{"count":1,"href":"https:\/\/defrentealaverdad.com\/index.php\/wp-json\/wp\/v2\/posts\/6449\/revisions"}],"predecessor-version":[{"id":6450,"href":"https:\/\/defrentealaverdad.com\/index.php\/wp-json\/wp\/v2\/posts\/6449\/revisions\/6450"}],"wp:attachment":[{"href":"https:\/\/defrentealaverdad.com\/index.php\/wp-json\/wp\/v2\/media?parent=6449"}],"wp:term":[{"taxonomy":"category","embeddable":true,"href":"https:\/\/defrentealaverdad.com\/index.php\/wp-json\/wp\/v2\/categories?post=6449"},{"taxonomy":"post_tag","embeddable":true,"href":"https:\/\/defrentealaverdad.com\/index.php\/wp-json\/wp\/v2\/tags?post=6449"}],"curies":[{"name":"wp","href":"https:\/\/api.w.org\/{rel}","templated":true}]}}