{"id":6447,"date":"2023-09-04T18:48:13","date_gmt":"2023-09-04T18:48:13","guid":{"rendered":"https:\/\/defrentealaverdad.com\/?p=6447"},"modified":"2023-09-04T18:48:13","modified_gmt":"2023-09-04T18:48:13","slug":"ministro-de-defensa-nombra-al-coronel-freddy-soto-thorman-nuevo-director-del-cesfront","status":"publish","type":"post","link":"https:\/\/defrentealaverdad.com\/index.php\/2023\/09\/04\/ministro-de-defensa-nombra-al-coronel-freddy-soto-thorman-nuevo-director-del-cesfront\/","title":{"rendered":"Ministro de Defensa nombra al coronel Freddy Soto Thorman nuevo director del Cesfront"},"content":{"rendered":"<p style=\"text-align: justify;\"><strong>Por Felix Rubio<\/strong><\/p>\n<p style=\"text-align: justify;\"><img decoding=\"async\" class=\"alignright lazyload\" data-src=\"https:\/\/blogger.googleusercontent.com\/img\/b\/R29vZ2xl\/AVvXsEhJNW_76XtEJPFWeMFNaZK1g62wPxVLYcHuhWV9Y9ANfqM9hTiHepLEBViiBn_VH-sal5LIwxpyq46IXDF3N8rXOJ9ABthRpDa1eBLcmhGGK8yx_RgZbdLZOT2h1c4CEzZk9c4KRu7eFUL2hHA45fhQ6N795bD8RJ9-I3ivpkLThfQs-2ABfojgcbtzq8o\/s1600\/IMG-20230903-WA0752.jpg\" alt=\"IMG-20230903-WA0752\" src=\"data:image\/svg+xml;base64,PHN2ZyB3aWR0aD0iMSIgaGVpZ2h0PSIxIiB4bWxucz0iaHR0cDovL3d3dy53My5vcmcvMjAwMC9zdmciPjwvc3ZnPg==\" \/><\/p>\n<p style=\"text-align: justify;\">Santo Domingo &#8211; El nuevo director del Cuerpo Especializado de Seguridad Fronteriza\u00a0 coronel Soto Thorman adem\u00e1s de ser hijo del ex Secretario de la Fuerzas Armada hoy Ministerio de Defensa Miguel \u00c1ngel Soto Jim\u00e9nez, es un oficial con m\u00e1s de 29 a\u00f1os\u00a0 en el Ej\u00e9rcito de Rep\u00fablica Dominicana<\/p>\n<p style=\"text-align: justify;\">Una gran experiencia en las Fuerzas Armada que durante ese tiempo ha logrado ocupar posiciones de mando ejecutando dentro del marco de las leyes, constituci\u00f3n as\u00ed como \u00e9tica y moral. Entre algunas de la posiciones que ha llevado el mando podemos mencionar las siguientes:<\/p>\n<ul style=\"text-align: justify;\">\n<li>Comandante de los Comandos del Ej\u00e9rcito de Rep\u00fablica Dominicana.<\/li>\n<li>Comandante del 6to. Batall\u00f3n de Cazadores (Constanza)<\/li>\n<li>G-6, Director de Comunicaciones del Ej\u00e9rcito<\/li>\n<li>G-4, Director de Log\u00edstica del Ej\u00e9rcito.<\/li>\n<li>Inspector Gral de la DNCD<\/li>\n<li>Comandante de la 1ra. Brigada de Infanter\u00eda ERD.<\/li>\n<li>Comandante del Recinto Militar \u00abGeneral de Divisi\u00f3n Mat\u00edas Ram\u00f3n Mella\u00bb y Oficial Ejecutivo del Ministerio de Defensa.<\/li>\n<\/ul>\n<p style=\"text-align: justify;\">Un \u00edntegro oficial y hombre de misiones las cuales son cumplidas de manera efectiva. Admirado y respetado dentro y fuera de su instituci\u00f3n. Hoy asumir\u00e1 un reto importante para su fruct\u00edfera carrera militar y sabe la responsabilidad que tiene y han puesto en sus manos.\u00a0 Le deseamos muchos \u00e9xitos al coronel Soto Thorman y no tenemos ninguna duda que har\u00e1 un excelente trabajo.<\/p>\n<p style=\"text-align: justify;\">Cabe destacar que es tambi\u00e9n un deportista un atleta consagrado a maratones y la pr\u00e1ctica de ciclismo, lo que ha desarrollado paralelamente a su carrera militar<\/p>\n<p style=\"text-align: justify;\">\n<p style=\"text-align: justify;\">Fuente: Cuerpo Especializado de Seguridad Fronteriza<\/p>\n","protected":false},"excerpt":{"rendered":"<p>Por Felix Rubio Santo Domingo &#8211; El nuevo director del Cuerpo Especializado de Seguridad Fronteriza\u00a0<\/p>\n","protected":false},"author":1,"featured_media":0,"comment_status":"open","ping_status":"open","sticky":false,"template":"","format":"standard","meta":{"footnotes":""},"categories":[7],"tags":[],"class_list":["post-6447","post","type-post","status-publish","format-standard","hentry","category-nacionales"],"_links":{"self":[{"href":"https:\/\/defrentealaverdad.com\/index.php\/wp-json\/wp\/v2\/posts\/6447","targetHints":{"allow":["GET"]}}],"collection":[{"href":"https:\/\/defrentealaverdad.com\/index.php\/wp-json\/wp\/v2\/posts"}],"about":[{"href":"https:\/\/defrentealaverdad.com\/index.php\/wp-json\/wp\/v2\/types\/post"}],"author":[{"embeddable":true,"href":"https:\/\/defrentealaverdad.com\/index.php\/wp-json\/wp\/v2\/users\/1"}],"replies":[{"embeddable":true,"href":"https:\/\/defrentealaverdad.com\/index.php\/wp-json\/wp\/v2\/comments?post=6447"}],"version-history":[{"count":1,"href":"https:\/\/defrentealaverdad.com\/index.php\/wp-json\/wp\/v2\/posts\/6447\/revisions"}],"predecessor-version":[{"id":6448,"href":"https:\/\/defrentealaverdad.com\/index.php\/wp-json\/wp\/v2\/posts\/6447\/revisions\/6448"}],"wp:attachment":[{"href":"https:\/\/defrentealaverdad.com\/index.php\/wp-json\/wp\/v2\/media?parent=6447"}],"wp:term":[{"taxonomy":"category","embeddable":true,"href":"https:\/\/defrentealaverdad.com\/index.php\/wp-json\/wp\/v2\/categories?post=6447"},{"taxonomy":"post_tag","embeddable":true,"href":"https:\/\/defrentealaverdad.com\/index.php\/wp-json\/wp\/v2\/tags?post=6447"}],"curies":[{"name":"wp","href":"https:\/\/api.w.org\/{rel}","templated":true}]}}