{"id":6417,"date":"2023-09-01T13:58:02","date_gmt":"2023-09-01T13:58:02","guid":{"rendered":"https:\/\/defrentealaverdad.com\/?p=6417"},"modified":"2023-09-01T13:58:02","modified_gmt":"2023-09-01T13:58:02","slug":"no-pares-tu-historia-acaba-de-empezar-el-inspirador-proyecto-de-la-cantautora-anna-ly","status":"publish","type":"post","link":"https:\/\/defrentealaverdad.com\/index.php\/2023\/09\/01\/no-pares-tu-historia-acaba-de-empezar-el-inspirador-proyecto-de-la-cantautora-anna-ly\/","title":{"rendered":"\u201cNo pares, tu historia acaba de empezar\u00bb, el inspirador proyecto de la cantautora Anna Ly"},"content":{"rendered":"<p style=\"text-align: justify;\">SANTO DOMINGO.- La cantautora ecuatoriana Anna Ly record\u00f3 a las mujeres a trav\u00e9s de su m\u00e1s reciente proyecto, que valen mucho m\u00e1s que el maquillaje y la cartera que portan, porque existe una corona dise\u00f1ada por Dios para cada una de ellas.<\/p>\n<p><img decoding=\"async\" class=\"size-medium wp-image-6418 alignright lazyload\" data-src=\"https:\/\/defrentealaverdad.com\/wp-content\/uploads\/2023\/09\/WhatsApp-Image-2023-08-31-at-18.56.30-300x200.jpeg\" alt=\"\" width=\"300\" height=\"200\" data-srcset=\"https:\/\/defrentealaverdad.com\/wp-content\/uploads\/2023\/09\/WhatsApp-Image-2023-08-31-at-18.56.30-300x200.jpeg 300w, https:\/\/defrentealaverdad.com\/wp-content\/uploads\/2023\/09\/WhatsApp-Image-2023-08-31-at-18.56.30-1024x683.jpeg 1024w, https:\/\/defrentealaverdad.com\/wp-content\/uploads\/2023\/09\/WhatsApp-Image-2023-08-31-at-18.56.30-768x512.jpeg 768w, https:\/\/defrentealaverdad.com\/wp-content\/uploads\/2023\/09\/WhatsApp-Image-2023-08-31-at-18.56.30.jpeg 1500w\" data-sizes=\"(max-width: 300px) 100vw, 300px\" src=\"data:image\/svg+xml;base64,PHN2ZyB3aWR0aD0iMSIgaGVpZ2h0PSIxIiB4bWxucz0iaHR0cDovL3d3dy53My5vcmcvMjAwMC9zdmciPjwvc3ZnPg==\" style=\"--smush-placeholder-width: 300px; --smush-placeholder-aspect-ratio: 300\/200;\" \/><\/p>\n<blockquote>\n<p style=\"text-align: justify;\">\u00abNo pares, tu historia acaba de empezar\u00bb es la frase que da vida a un libro y una canci\u00f3n escrita por Ly, con el objetivo de mostrar a las f\u00e9minas que su valor va m\u00e1s all\u00e1 de lo superficial.<\/p>\n<\/blockquote>\n<p style=\"text-align: justify;\">Narr\u00f3 que durante mucho tiempo camin\u00f3 por el mundo ignorando a un Dios que siempre estuvo presente en su hogar, por eso cada dificultad que atraves\u00f3 durante la formaci\u00f3n de su autoestima represent\u00f3 una monta\u00f1a rusa de emociones y pensamiento negativos que la llevaron a cuestionar su prop\u00f3sito en la vida.<\/p>\n<p>Ly fue entrevistada por <a href=\"https:\/\/www.facebook.com\/people\/Krismeli-Brito-Padilla\/100041376173218\/?locale=es_LA\">Krismeli Brito Padilla<\/a> en el programa <a href=\"https:\/\/elnuevodiario.com.do\/tv\/con-la-dra-controversia-jornada-empresarial-kairos-2023-peticiones-familiares-a-los-estados-unidos-anna-ly\/\">\u00abCon la Dra. Controversia\u00bb,<\/a> que transmite la plataforma digital El Nuevo Diario TV.<\/p>\n<p style=\"text-align: justify;\">En ese sentido, expuso que cuando al fin estaba encontrado el horizonte, las secuelas del Covid-19 la llevaron a enfrentar una cirug\u00eda en sus cuerdas vocales,\u00a0que la sumergi\u00f3 en meses de silencio, poniendo en pausa su vida art\u00edstica y apagando el \u00fanico instrumento que sab\u00eda usar para servir a Dios.<\/p>\n<div id=\"mc_embed_shell\" style=\"text-align: justify;\">\n<div id=\"mc_embed_signup\">\n<form id=\"mc-embedded-subscribe-form\" class=\"validate\" action=\"https:\/\/elnuevodiario.us12.list-manage.com\/subscribe\/post?u=adc4b96bf0fc459309c352607&amp;id=7c6f789feb&amp;f_id=0046bce0f0\" method=\"post\" name=\"mc-embedded-subscribe-form\" novalidate=\"\" target=\"_self\">\n<div id=\"mc_embed_signup_scroll\">\n<div class=\"optionalParent\">\n<div class=\"clear foot\">Sin embargo, asegur\u00f3 que ignoraba que este proceso la llevar\u00eda a descubrir que lo m\u00e1s valioso que ten\u00eda no era la voz y que podr\u00eda servir a Dios de m\u00faltiples formas.<\/div>\n<\/div>\n<\/div>\n<\/form>\n<\/div>\n<\/div>\n<p style=\"text-align: justify;\">Manifest\u00f3 que en el silencio le tom\u00f3 amor a la escritura, y esto le abri\u00f3 una puerta al pasado, a trav\u00e9s de la que pudo identificar heridas muy antiguas que a\u00fan necesitaban sanar, misma que en cada dificultad se manifestaban en pensamientos oscuros.<\/p>\n<p style=\"text-align: justify;\">Sostuvo que en ese momento se percat\u00f3 de que el recuerdo del bullying que sufri\u00f3 durante su ni\u00f1ez hab\u00eda dejado cicatrices profundas que\u00a0influyeron en sus decisiones a lo largo de su adolescencia, matrimonio y maternidad, por eso se propuso sanar para inspirar a otros a superar sus adversidades.<\/p>\n<p style=\"text-align: justify;\">En ese orden, reflexion\u00f3 que la autoestima es un regalo divino, adquiere una belleza especial cuando es cuidada y nutrida; en cambio, cuando es da\u00f1ada desde temprana edad, tiene secuelas profundas.<\/p>\n<p style=\"text-align: justify;\">En la actualidad, Anna Ly se encuentra en Rep\u00fablica Dominicana promocionando este proyecto, que m\u00e1s que contar una historia, busca cambiar vidas de la misma forma en que sucedi\u00f3 con ella.<\/p>\n<p>&nbsp;<\/p>\n<p>Fuente: Con la Dra. Controversia del Nuevo Diario TV<\/p>\n","protected":false},"excerpt":{"rendered":"<p>SANTO DOMINGO.- La cantautora ecuatoriana Anna Ly record\u00f3 a las mujeres a trav\u00e9s de su<\/p>\n","protected":false},"author":2,"featured_media":0,"comment_status":"open","ping_status":"open","sticky":false,"template":"","format":"standard","meta":{"footnotes":""},"categories":[6,7],"tags":[],"class_list":["post-6417","post","type-post","status-publish","format-standard","hentry","category-espectaculos","category-nacionales"],"_links":{"self":[{"href":"https:\/\/defrentealaverdad.com\/index.php\/wp-json\/wp\/v2\/posts\/6417","targetHints":{"allow":["GET"]}}],"collection":[{"href":"https:\/\/defrentealaverdad.com\/index.php\/wp-json\/wp\/v2\/posts"}],"about":[{"href":"https:\/\/defrentealaverdad.com\/index.php\/wp-json\/wp\/v2\/types\/post"}],"author":[{"embeddable":true,"href":"https:\/\/defrentealaverdad.com\/index.php\/wp-json\/wp\/v2\/users\/2"}],"replies":[{"embeddable":true,"href":"https:\/\/defrentealaverdad.com\/index.php\/wp-json\/wp\/v2\/comments?post=6417"}],"version-history":[{"count":1,"href":"https:\/\/defrentealaverdad.com\/index.php\/wp-json\/wp\/v2\/posts\/6417\/revisions"}],"predecessor-version":[{"id":6419,"href":"https:\/\/defrentealaverdad.com\/index.php\/wp-json\/wp\/v2\/posts\/6417\/revisions\/6419"}],"wp:attachment":[{"href":"https:\/\/defrentealaverdad.com\/index.php\/wp-json\/wp\/v2\/media?parent=6417"}],"wp:term":[{"taxonomy":"category","embeddable":true,"href":"https:\/\/defrentealaverdad.com\/index.php\/wp-json\/wp\/v2\/categories?post=6417"},{"taxonomy":"post_tag","embeddable":true,"href":"https:\/\/defrentealaverdad.com\/index.php\/wp-json\/wp\/v2\/tags?post=6417"}],"curies":[{"name":"wp","href":"https:\/\/api.w.org\/{rel}","templated":true}]}}