{"id":6363,"date":"2023-08-31T12:41:27","date_gmt":"2023-08-31T12:41:27","guid":{"rendered":"https:\/\/defrentealaverdad.com\/?p=6363"},"modified":"2023-08-31T12:41:27","modified_gmt":"2023-08-31T12:41:27","slug":"jose-joaquin-puello-exaltado-con-la-mas-alta-distincion-que-otorga-la-academia-de-ciencias","status":"publish","type":"post","link":"https:\/\/defrentealaverdad.com\/index.php\/2023\/08\/31\/jose-joaquin-puello-exaltado-con-la-mas-alta-distincion-que-otorga-la-academia-de-ciencias\/","title":{"rendered":"Jos\u00e9 Joaqu\u00edn Puello exaltado con la m\u00e1s alta distinci\u00f3n que otorga la Academia de Ciencias"},"content":{"rendered":"<p style=\"text-align: justify;\">SANTO DOMINGO- El Dr. Jos\u00e9 Joaqu\u00edn Puello, experimentado neurocirujano con casi 60 a\u00f1os de ejercicio profesional en el \u00e1rea de la salud, fue exaltado esta noche con el Laudatio Acad\u00e9mica de la Academia de Ciencias, m\u00e1xima distinci\u00f3n que otorga la entidad a sus miembros m\u00e1s sobresalientes. Las palabras de bienvenida estuvieron a cargo del ingeniero Eleuterio Mart\u00ednez, presidente de la ACRD, quien manifest\u00f3 que el doctor Puello Herrera, fundador de esta instituci\u00f3n, ha realizado grandes aportes al desarrollo nacional en el \u00e1mbito de la salud y el deporte.<\/p>\n<p style=\"text-align: justify;\"><img decoding=\"async\" class=\"size-medium wp-image-6364 alignright lazyload\" data-src=\"https:\/\/defrentealaverdad.com\/wp-content\/uploads\/2023\/08\/WhatsApp-Image-2023-08-31-at-06.46.12-300x200.jpeg\" alt=\"\" width=\"300\" height=\"200\" data-srcset=\"https:\/\/defrentealaverdad.com\/wp-content\/uploads\/2023\/08\/WhatsApp-Image-2023-08-31-at-06.46.12-300x200.jpeg 300w, https:\/\/defrentealaverdad.com\/wp-content\/uploads\/2023\/08\/WhatsApp-Image-2023-08-31-at-06.46.12-1024x682.jpeg 1024w, https:\/\/defrentealaverdad.com\/wp-content\/uploads\/2023\/08\/WhatsApp-Image-2023-08-31-at-06.46.12-768x512.jpeg 768w, https:\/\/defrentealaverdad.com\/wp-content\/uploads\/2023\/08\/WhatsApp-Image-2023-08-31-at-06.46.12-1536x1023.jpeg 1536w, https:\/\/defrentealaverdad.com\/wp-content\/uploads\/2023\/08\/WhatsApp-Image-2023-08-31-at-06.46.12.jpeg 1600w\" data-sizes=\"(max-width: 300px) 100vw, 300px\" src=\"data:image\/svg+xml;base64,PHN2ZyB3aWR0aD0iMSIgaGVpZ2h0PSIxIiB4bWxucz0iaHR0cDovL3d3dy53My5vcmcvMjAwMC9zdmciPjwvc3ZnPg==\" style=\"--smush-placeholder-width: 300px; --smush-placeholder-aspect-ratio: 300\/200;\" \/><em>\u201cEste momento lo calificamos como hist\u00f3rico para la academia y el pa\u00eds, al reconocer con el m\u00e1s alto honor a un hombre que lo ha dado todo por su naci\u00f3n.\u201d<\/em>, dijo la tambi\u00e9n ecologista.<\/p>\n<p style=\"text-align: justify;\">Mientras Milciade Mej\u00eda, expresidente de la ACRD, expres\u00f3 que Puello Herrera ha consagrado su vida al servicio de la naci\u00f3n, un incansable profesional de la medicina que todos los desaf\u00edos que le ha planteado su vida los ha sorteado exitosamente, un Neurocirujano que no ha tenido descanso.<\/p>\n<p style=\"text-align: justify;\">Puello Herrera agradeci\u00f3 a la Academia de Ciencias por el reconocimiento y poder compartir el cuadro de honor de Laudatio Acad\u00e9mica con grandes dominicanos como Pedro Mir, Pedro Troncoso, Idelisa Bonnelly de Calventi, entre otros.<\/p>\n<p style=\"text-align: justify;\"><em>\u201cEl mundo actual va \u00a0dirigido casi sin frenos a un cambio con consecuencias impredecibles, pero todo depender\u00e1 del manejo que nosotros le demos a nuestro planeta, desde \u00a0ACRD se puede \u00a0trabajar en proyectos que marchen \u00a0en beneficios de ayudar a salvar el planeta\u201d<\/em>, dijo el profesional de la salud.<\/p>\n<p><strong>Acerca de Jos\u00e9 Joaqu\u00edn Puello<\/strong><\/p>\n<p style=\"text-align: justify;\">Nacido en San Juan de la Maguana, el 25 de septiembre de 1940, Puello se ha destacado desde sus inicios en la carrera que ama, la medicina, debido a que siendo a\u00fan estudiante de t\u00e9rmino recibi\u00f3 en 1962 el premio de Obstetricia y Ginecolog\u00eda.<\/p>\n<p style=\"text-align: justify;\">Un a\u00f1o despu\u00e9s, en 1963 se grad\u00faa de doctor en Medicina magna cum laude de la Universidad Aut\u00f3noma de Santo Domingo. Por su aprendizaje han pasado varias especialidades, entre ellas Neurolog\u00eda Cl\u00ednica, Neuro-anatom\u00eda, Electro-miograf\u00eda, Cirujano General, Neurocirug\u00eda, las cuales ha estudiado en distintas universidades extranjeras.<\/p>\n<p style=\"text-align: justify;\">\u00a0<img decoding=\"async\" class=\"size-medium wp-image-6366 alignleft lazyload\" data-src=\"https:\/\/defrentealaverdad.com\/wp-content\/uploads\/2023\/08\/WhatsApp-Image-2023-08-31-at-06.46.11-300x200.jpeg\" alt=\"\" width=\"300\" height=\"200\" data-srcset=\"https:\/\/defrentealaverdad.com\/wp-content\/uploads\/2023\/08\/WhatsApp-Image-2023-08-31-at-06.46.11-300x200.jpeg 300w, https:\/\/defrentealaverdad.com\/wp-content\/uploads\/2023\/08\/WhatsApp-Image-2023-08-31-at-06.46.11.jpeg 512w\" data-sizes=\"(max-width: 300px) 100vw, 300px\" src=\"data:image\/svg+xml;base64,PHN2ZyB3aWR0aD0iMSIgaGVpZ2h0PSIxIiB4bWxucz0iaHR0cDovL3d3dy53My5vcmcvMjAwMC9zdmciPjwvc3ZnPg==\" style=\"--smush-placeholder-width: 300px; --smush-placeholder-aspect-ratio: 300\/200;\" \/>Ha sido maestro de generaciones, iniciando la docencia en la UASD 1970, como profesor de Neuroanatom\u00eda y de Psicolog\u00eda Fisiol\u00f3gica. Tambi\u00e9n en la Universidad Pedro Henr\u00edquez Ure\u00f1a (UNPHU) imparti\u00f3 la asignatura de Neurocirug\u00eda Cl\u00ednica y en Intec la de Neurocirug\u00eda Cl\u00ednica y Neuroanatom\u00eda.<\/p>\n<p style=\"text-align: justify;\">El doctor Puello narr\u00f3 c\u00f3mo guarda fresco en su memoria el impactante episodio que vivi\u00f3 cuando le toc\u00f3 recibir herido a uno de los ajusticiadores de Trujillo, Pedro Livio Cede\u00f1o, y ser testigo presencial de su valent\u00eda, quien pese a las torturas que recibi\u00f3 tras salir del quir\u00f3fano, asegura que no delat\u00f3 a sus compa\u00f1eros.<\/p>\n<p style=\"text-align: justify;\">Con menos de 20 a\u00f1os de edad y estudiante de quinto a sexto a\u00f1o de medicina, Puello recuerda y narra los hechos como si hubiesen ocurrido ayer, y asegura que pese a su larga vida de ejercicio profesional y haber participado en la atenci\u00f3n m\u00e9dica de las m\u00e1s reconocidas figuras del pa\u00eds, ning\u00fan hecho le ha impactado tanto como ese.<\/p>\n<p>Otros premios recibidos por el destacado neurocirujano son la condecoraci\u00f3n con la Orden de Duarte, S\u00e1nchez y Mella en el Grado de Caballero, por servicios prestados a la comunidad, y fue condecorado con la Orden Duarte, S\u00e1nchez y Mella en el Grado de Oficial.<\/p>\n<p>Es cofundador del Banco de V\u00e1lvulas para ni\u00f1os hidrocef\u00e1licos de la Rep\u00fablica Dominicana y miembro extranjero de la Sociedad Brit\u00e1nica de Neurocirujanos.<br \/>\nEn la actualidad es el coordinador de la Comisi\u00f3n de Ciencias de la Salud de la ACRD.<\/p>\n<p>Al acto asistieron los expresidentes de la ACRD, Milciades Mej\u00eda, Luis Scheker Ortiz, el vicepresidente Modesto Cruz, los miembros de N\u00famero\u00a0 Felicita Heredia, Osiris de Le\u00f3n, Milena Cabrera, Venecia \u00c1lvarez, Eduardo Klingler, \u00a0 Yrenes P\u00e9rez Guerra, Fernando Pellerano, Olga Basora; Eleonor Grimaldi Sili\u00e9, Venecia \u00c1lvarez, entre otros.<\/p>\n<p>Adem\u00e1s de su esposa Gina Majluta de Puello, \u00a0Luisin Mej\u00eda, expresidente del Comit\u00e9 Ol\u00edmpico Dominicano, compa\u00f1eros del \u00e1rea de la medicina y el deporte entre otros familiares y amigos.<\/p>\n<p>&nbsp;<\/p>\n<p>Fuente: Prensa ACRD<\/p>\n<p style=\"text-align: justify;\">\n","protected":false},"excerpt":{"rendered":"<p>SANTO DOMINGO- El Dr. Jos\u00e9 Joaqu\u00edn Puello, experimentado neurocirujano con casi 60 a\u00f1os de ejercicio<\/p>\n","protected":false},"author":2,"featured_media":0,"comment_status":"open","ping_status":"open","sticky":false,"template":"","format":"standard","meta":{"footnotes":""},"categories":[7],"tags":[],"class_list":["post-6363","post","type-post","status-publish","format-standard","hentry","category-nacionales"],"_links":{"self":[{"href":"https:\/\/defrentealaverdad.com\/index.php\/wp-json\/wp\/v2\/posts\/6363","targetHints":{"allow":["GET"]}}],"collection":[{"href":"https:\/\/defrentealaverdad.com\/index.php\/wp-json\/wp\/v2\/posts"}],"about":[{"href":"https:\/\/defrentealaverdad.com\/index.php\/wp-json\/wp\/v2\/types\/post"}],"author":[{"embeddable":true,"href":"https:\/\/defrentealaverdad.com\/index.php\/wp-json\/wp\/v2\/users\/2"}],"replies":[{"embeddable":true,"href":"https:\/\/defrentealaverdad.com\/index.php\/wp-json\/wp\/v2\/comments?post=6363"}],"version-history":[{"count":1,"href":"https:\/\/defrentealaverdad.com\/index.php\/wp-json\/wp\/v2\/posts\/6363\/revisions"}],"predecessor-version":[{"id":6367,"href":"https:\/\/defrentealaverdad.com\/index.php\/wp-json\/wp\/v2\/posts\/6363\/revisions\/6367"}],"wp:attachment":[{"href":"https:\/\/defrentealaverdad.com\/index.php\/wp-json\/wp\/v2\/media?parent=6363"}],"wp:term":[{"taxonomy":"category","embeddable":true,"href":"https:\/\/defrentealaverdad.com\/index.php\/wp-json\/wp\/v2\/categories?post=6363"},{"taxonomy":"post_tag","embeddable":true,"href":"https:\/\/defrentealaverdad.com\/index.php\/wp-json\/wp\/v2\/tags?post=6363"}],"curies":[{"name":"wp","href":"https:\/\/api.w.org\/{rel}","templated":true}]}}