{"id":6340,"date":"2023-08-30T19:32:29","date_gmt":"2023-08-30T19:32:29","guid":{"rendered":"https:\/\/defrentealaverdad.com\/?p=6340"},"modified":"2023-08-30T19:39:56","modified_gmt":"2023-08-30T19:39:56","slug":"comandante-general-de-la-armada-recibe-visita-director-del-c5i-de-las-fuerzas-armadas","status":"publish","type":"post","link":"https:\/\/defrentealaverdad.com\/index.php\/2023\/08\/30\/comandante-general-de-la-armada-recibe-visita-director-del-c5i-de-las-fuerzas-armadas\/","title":{"rendered":"Comandante general de la Armada recibe visita director del C5i de las Fuerzas Armadas"},"content":{"rendered":"<p>Por Felix Rubio<\/p>\n<div style=\"text-align: justify;\">\n<div class=\"separator\"><a href=\"https:\/\/blogger.googleusercontent.com\/img\/b\/R29vZ2xl\/AVvXsEgBz0mHsWDEFwlo_Q6niC3oRNtYFUEip2nXBaww6JcEkR2hJktOdi__Vddz0C1uat-4m62Pmv5MoBYZc2__2cp01GZ-7jMpUDvk2jBjRDJIQ1pdiXeeJtGh9d5KGur6fwc5NAqXhMYkJYxJTfQI-nfUpwhKtQh8Xv7p-rr3xR0mOj4DQ8B4aIZc44nmvf0\/s302\/IMG-20230830-WA0184.jpg\"><img decoding=\"async\" class=\"aligncenter lazyload\" data-src=\"https:\/\/blogger.googleusercontent.com\/img\/b\/R29vZ2xl\/AVvXsEgBz0mHsWDEFwlo_Q6niC3oRNtYFUEip2nXBaww6JcEkR2hJktOdi__Vddz0C1uat-4m62Pmv5MoBYZc2__2cp01GZ-7jMpUDvk2jBjRDJIQ1pdiXeeJtGh9d5KGur6fwc5NAqXhMYkJYxJTfQI-nfUpwhKtQh8Xv7p-rr3xR0mOj4DQ8B4aIZc44nmvf0\/w400-h286\/IMG-20230830-WA0184.jpg\" width=\"400\" height=\"286\" border=\"0\" data-original-height=\"216\" data-original-width=\"302\" src=\"data:image\/svg+xml;base64,PHN2ZyB3aWR0aD0iMSIgaGVpZ2h0PSIxIiB4bWxucz0iaHR0cDovL3d3dy53My5vcmcvMjAwMC9zdmciPjwvc3ZnPg==\" style=\"--smush-placeholder-width: 400px; --smush-placeholder-aspect-ratio: 400\/286;\" \/><\/a><\/div>\n<\/div>\n<div><\/div>\n<div>\n<div style=\"text-align: justify;\">\n<div class=\"separator\">\n<p>El comandante general de la Armada de Rep\u00fablica Dominicana (ARD), vicealmirante Agust\u00edn Alberto Morillo Rodr\u00edguez, recibi\u00f3 la visita de cortes\u00eda del vicealmirante Luis Rafael Lee Ballester, director general del Centro de Comando, Control, Comunicaciones, Computadoras, Ciberseguridad e Inteligencia de las Fuerzas Armadas (C5i).<\/p>\n<p>El encuentro en el despacho de la Comandancia General se desarroll\u00f3 en un ambiente de cordialidad entre ambos oficiales, quienes trataron\u00a0 temas de inter\u00e9s y sobre el fortalecimiento de la relaci\u00f3n estrat\u00e9gica entre ambas entidades y el\u00a0 intercambio de informaci\u00f3n, entre otros t\u00f3picos.<\/p>\n<\/div>\n<div><\/div>\n<\/div>\n<div>\n<div class=\"separator\" style=\"text-align: justify;\"><a href=\"https:\/\/blogger.googleusercontent.com\/img\/b\/R29vZ2xl\/AVvXsEg6VCFDxSh0zZdzm7VBQ8NnUVHJyNYSwT7tn2ccuGNzlpCT-fBqyRYRdxRdqqD8xrjg4h6JmgT3BE9P-Z3-Bk-93rkTPl9vhe2fxjA74NVSKPv-1mbQK5blrDTg5XkPCvXaKucEa3LBgF10neACYf-yeITHHD-mMhzYyQV2FvHDvERoo6xj5qKw9_CztAQ\/s300\/IMG-20230830-WA0186.jpg\"><img decoding=\"async\" class=\"aligncenter lazyload\" data-src=\"https:\/\/blogger.googleusercontent.com\/img\/b\/R29vZ2xl\/AVvXsEg6VCFDxSh0zZdzm7VBQ8NnUVHJyNYSwT7tn2ccuGNzlpCT-fBqyRYRdxRdqqD8xrjg4h6JmgT3BE9P-Z3-Bk-93rkTPl9vhe2fxjA74NVSKPv-1mbQK5blrDTg5XkPCvXaKucEa3LBgF10neACYf-yeITHHD-mMhzYyQV2FvHDvERoo6xj5qKw9_CztAQ\/s1600\/IMG-20230830-WA0186.jpg\" width=\"300\" height=\"214\" border=\"0\" data-original-height=\"214\" data-original-width=\"300\" src=\"data:image\/svg+xml;base64,PHN2ZyB3aWR0aD0iMSIgaGVpZ2h0PSIxIiB4bWxucz0iaHR0cDovL3d3dy53My5vcmcvMjAwMC9zdmciPjwvc3ZnPg==\" style=\"--smush-placeholder-width: 300px; --smush-placeholder-aspect-ratio: 300\/214;\" \/><\/a> \u00a0<a href=\"https:\/\/blogger.googleusercontent.com\/img\/b\/R29vZ2xl\/AVvXsEhPAPsm5uZNTtpRK0uZxFe6ETMMyns-HrTVFJPi7egQY8FxXMotfculQZG4S55eJMg69MvJOtE1wl4JHf8Fr2HpHv2lNt8efzRU63eXOz-0HCt7RfgC-DI2RvQ7SJuTAyFzTEwmxJQIin0e4eLARph0Rp-eAR79jR5Ja-w7Z4U0EMjx_XuqO9wW-DaNtLo\/s302\/IMG-20230830-WA0185.jpg\"><img decoding=\"async\" class=\"aligncenter lazyload\" data-src=\"https:\/\/blogger.googleusercontent.com\/img\/b\/R29vZ2xl\/AVvXsEhPAPsm5uZNTtpRK0uZxFe6ETMMyns-HrTVFJPi7egQY8FxXMotfculQZG4S55eJMg69MvJOtE1wl4JHf8Fr2HpHv2lNt8efzRU63eXOz-0HCt7RfgC-DI2RvQ7SJuTAyFzTEwmxJQIin0e4eLARph0Rp-eAR79jR5Ja-w7Z4U0EMjx_XuqO9wW-DaNtLo\/s1600\/IMG-20230830-WA0185.jpg\" width=\"302\" height=\"216\" border=\"0\" data-original-height=\"216\" data-original-width=\"302\" src=\"data:image\/svg+xml;base64,PHN2ZyB3aWR0aD0iMSIgaGVpZ2h0PSIxIiB4bWxucz0iaHR0cDovL3d3dy53My5vcmcvMjAwMC9zdmciPjwvc3ZnPg==\" style=\"--smush-placeholder-width: 302px; --smush-placeholder-aspect-ratio: 302\/216;\" \/><\/a><\/div>\n<\/div>\n<div><\/div>\n<div>#Armadard\u2693\ufe0f #C5ird<\/div>\n<\/div>\n<div><\/div>\n<div><\/div>\n","protected":false},"excerpt":{"rendered":"<p>Por Felix Rubio El comandante general de la Armada de Rep\u00fablica Dominicana (ARD), vicealmirante Agust\u00edn<\/p>\n","protected":false},"author":1,"featured_media":0,"comment_status":"open","ping_status":"open","sticky":false,"template":"","format":"standard","meta":{"footnotes":""},"categories":[7],"tags":[],"class_list":["post-6340","post","type-post","status-publish","format-standard","hentry","category-nacionales"],"_links":{"self":[{"href":"https:\/\/defrentealaverdad.com\/index.php\/wp-json\/wp\/v2\/posts\/6340","targetHints":{"allow":["GET"]}}],"collection":[{"href":"https:\/\/defrentealaverdad.com\/index.php\/wp-json\/wp\/v2\/posts"}],"about":[{"href":"https:\/\/defrentealaverdad.com\/index.php\/wp-json\/wp\/v2\/types\/post"}],"author":[{"embeddable":true,"href":"https:\/\/defrentealaverdad.com\/index.php\/wp-json\/wp\/v2\/users\/1"}],"replies":[{"embeddable":true,"href":"https:\/\/defrentealaverdad.com\/index.php\/wp-json\/wp\/v2\/comments?post=6340"}],"version-history":[{"count":5,"href":"https:\/\/defrentealaverdad.com\/index.php\/wp-json\/wp\/v2\/posts\/6340\/revisions"}],"predecessor-version":[{"id":6356,"href":"https:\/\/defrentealaverdad.com\/index.php\/wp-json\/wp\/v2\/posts\/6340\/revisions\/6356"}],"wp:attachment":[{"href":"https:\/\/defrentealaverdad.com\/index.php\/wp-json\/wp\/v2\/media?parent=6340"}],"wp:term":[{"taxonomy":"category","embeddable":true,"href":"https:\/\/defrentealaverdad.com\/index.php\/wp-json\/wp\/v2\/categories?post=6340"},{"taxonomy":"post_tag","embeddable":true,"href":"https:\/\/defrentealaverdad.com\/index.php\/wp-json\/wp\/v2\/tags?post=6340"}],"curies":[{"name":"wp","href":"https:\/\/api.w.org\/{rel}","templated":true}]}}