{"id":6330,"date":"2023-08-15T02:21:31","date_gmt":"2023-08-15T02:21:31","guid":{"rendered":"https:\/\/defrentealaverdad.com\/?p=6330"},"modified":"2023-08-30T02:27:11","modified_gmt":"2023-08-30T02:27:11","slug":"exquisita-cata-maridaje-de-sembra-con-alvaro-comenge","status":"publish","type":"post","link":"https:\/\/defrentealaverdad.com\/index.php\/2023\/08\/15\/exquisita-cata-maridaje-de-sembra-con-alvaro-comenge\/","title":{"rendered":"Exquisita cata maridaje de Sembra con \u00c1lvaro Comenge"},"content":{"rendered":"<p style=\"font-weight: 400; text-align: justify;\"><strong>Santo Domingo. <\/strong>En una noche llena de elegancia y sabor, Sembra Agencia de Vinos llev\u00f3 a cabo una exquisita cata maridaje en Allez Bistrot, en honor a la visita al pa\u00eds de \u00c1lvaro Comenge, el renombrado propietario de Bodegas Comenge. El evento reuni\u00f3 a un selecto grupo de amantes y expertos en vinos para disfrutar de una experiencia culinaria \u00fanica.<\/p>\n<p style=\"font-weight: 400; text-align: justify;\">\u00a0<img decoding=\"async\" class=\"size-medium wp-image-6332 alignleft lazyload\" data-src=\"https:\/\/defrentealaverdad.com\/wp-content\/uploads\/2023\/08\/FOTO-PRINCIPAL.-Douglas-Carvajal-y-Alvaro-Comenge-169x300.jpg\" alt=\"\" width=\"169\" height=\"300\" data-srcset=\"https:\/\/defrentealaverdad.com\/wp-content\/uploads\/2023\/08\/FOTO-PRINCIPAL.-Douglas-Carvajal-y-Alvaro-Comenge-169x300.jpg 169w, https:\/\/defrentealaverdad.com\/wp-content\/uploads\/2023\/08\/FOTO-PRINCIPAL.-Douglas-Carvajal-y-Alvaro-Comenge-576x1024.jpg 576w, https:\/\/defrentealaverdad.com\/wp-content\/uploads\/2023\/08\/FOTO-PRINCIPAL.-Douglas-Carvajal-y-Alvaro-Comenge-768x1365.jpg 768w, https:\/\/defrentealaverdad.com\/wp-content\/uploads\/2023\/08\/FOTO-PRINCIPAL.-Douglas-Carvajal-y-Alvaro-Comenge-864x1536.jpg 864w, https:\/\/defrentealaverdad.com\/wp-content\/uploads\/2023\/08\/FOTO-PRINCIPAL.-Douglas-Carvajal-y-Alvaro-Comenge-1152x2048.jpg 1152w, https:\/\/defrentealaverdad.com\/wp-content\/uploads\/2023\/08\/FOTO-PRINCIPAL.-Douglas-Carvajal-y-Alvaro-Comenge-scaled.jpg 1441w\" data-sizes=\"(max-width: 169px) 100vw, 169px\" src=\"data:image\/svg+xml;base64,PHN2ZyB3aWR0aD0iMSIgaGVpZ2h0PSIxIiB4bWxucz0iaHR0cDovL3d3dy53My5vcmcvMjAwMC9zdmciPjwvc3ZnPg==\" style=\"--smush-placeholder-width: 169px; --smush-placeholder-aspect-ratio: 169\/300;\" \/>\u00a0\u00c1lvaro Comenge, una figura influyente en la industria vitivin\u00edcola, present\u00f3 con entusiasmo la destacada selecci\u00f3n de vinos de su bodega. Desde\u00a0 el fresco y ecol\u00f3gico Colecci\u00f3n Verdejo, elaborado s\u00f3lo con uvas de la variedad verdejo, procedentes de vi\u00f1edos de m\u00e1s de 80 a\u00f1os de antig\u00fcedad en la regi\u00f3n de Rueda, pasando por Biberius, un Tempranillo criado en roble que deleit\u00f3 el paladar de los m\u00e1s exigentes.<\/p>\n<p style=\"font-weight: 400; text-align: justify;\">La experiencia culinaria fue llevada a otro nivel gracias a la creatividad del chef Steven Provost, propietario de Allez-Bistrot. Cada plato presentado en la cena fue dise\u00f1ado para resaltar los matices de los vinos, logrando una armon\u00eda perfecta entre todos los elementos. La cata fue guiada por Douglas Carvajal, sommelier y cofundador de Sembra Agencia de Vinos, quien cautiv\u00f3 a los comensales con su criterio experto. Los momentos m\u00e1s destacados de la velada estuvieron marcados por la presencia del Origen Crianza y el Reserva Familia, vinos que reflejan la excelencia y la dedicaci\u00f3n de Bodegas Comenge. <img decoding=\"async\" class=\"size-medium wp-image-6331 alignright lazyload\" data-src=\"https:\/\/defrentealaverdad.com\/wp-content\/uploads\/2023\/08\/Apoyo-3.-Elisa-Miguel-y-Jose-de-Pol-200x300.jpeg\" alt=\"\" width=\"200\" height=\"300\" data-srcset=\"https:\/\/defrentealaverdad.com\/wp-content\/uploads\/2023\/08\/Apoyo-3.-Elisa-Miguel-y-Jose-de-Pol-200x300.jpeg 200w, https:\/\/defrentealaverdad.com\/wp-content\/uploads\/2023\/08\/Apoyo-3.-Elisa-Miguel-y-Jose-de-Pol-683x1024.jpeg 683w, https:\/\/defrentealaverdad.com\/wp-content\/uploads\/2023\/08\/Apoyo-3.-Elisa-Miguel-y-Jose-de-Pol-768x1152.jpeg 768w, https:\/\/defrentealaverdad.com\/wp-content\/uploads\/2023\/08\/Apoyo-3.-Elisa-Miguel-y-Jose-de-Pol-1024x1536.jpeg 1024w, https:\/\/defrentealaverdad.com\/wp-content\/uploads\/2023\/08\/Apoyo-3.-Elisa-Miguel-y-Jose-de-Pol-1365x2048.jpeg 1365w, https:\/\/defrentealaverdad.com\/wp-content\/uploads\/2023\/08\/Apoyo-3.-Elisa-Miguel-y-Jose-de-Pol-scaled.jpeg 1707w\" data-sizes=\"(max-width: 200px) 100vw, 200px\" src=\"data:image\/svg+xml;base64,PHN2ZyB3aWR0aD0iMSIgaGVpZ2h0PSIxIiB4bWxucz0iaHR0cDovL3d3dy53My5vcmcvMjAwMC9zdmciPjwvc3ZnPg==\" style=\"--smush-placeholder-width: 200px; --smush-placeholder-aspect-ratio: 200\/300;\" \/><\/p>\n<p style=\"font-weight: 400; text-align: justify;\">\u00c1lvaro Comenge expres\u00f3 su agradecimiento a la Rep\u00fablica Dominicana por su c\u00e1lida acogida y su continua apreciaci\u00f3n por la cultura del vino. \u00ab<em>Cada a\u00f1o procuro visitar Rep\u00fablica Dominicana, un pa\u00eds donde la cultura del vino est\u00e1 en crecimiento y en el que el trabajo artesano que hacemos en la bodega es apreciado y respetado. Nuestro aliado Sembra, ha servido como la plataforma ideal para que los dominicanos puedan disfrutar de los excepcionales vinos de nuestra regi\u00f3n<\/em>\u00ab, coment\u00f3.<\/p>\n<p style=\"font-weight: 400; text-align: justify;\">Al cierre de la velada, \u00c1lvaro Comenge sorprendi\u00f3 gratamente a los asistentes con un regalo muy especial: una botella de Jacobus, un vino exclusivo que rinde homenaje al fundador de la bodega, Jaime Comenge, padre de \u00c1lvaro. Jacobus es un vino \u00fanico y limitado, con una producci\u00f3n de tan solo 2000 botellas en los mejores a\u00f1os, lo que lo convierte en un verdadero tesoro para los amantes del vino.<\/p>\n<p style=\"font-weight: 400; text-align: justify;\"><strong>Acerca de Sembra<\/strong><\/p>\n<p style=\"font-weight: 400; text-align: justify;\">Sembra Agencia de Vinos es una boutique de vinos que opera en el pa\u00eds desde inicios del a\u00f1o 2014. Sus marcas se caracterizan por reflejar la historia de los pueblos de donde provienen y la pasi\u00f3n por los detalles, la constancia y la paciencia que ponen en su producci\u00f3n los viticultores.<strong>\u00a0<\/strong>Actualmente, Sembra representa diferentes bodegas de apego al \u201cterroir\u201d, tales como Bodegas Volver, Remelluri, Ravent\u00f3s i Blanc, Pere Mata, Vi\u00f1a Zorzal, Albert Bichot y G\u00e9rard Bertrand, entre otras.<strong>\u00a0<\/strong>El portafolio completo de Sembra Agencia de Vinos puede consultarse en su sitio web<a href=\"http:\/\/www.sembravinos.com\/\" data-saferedirecturl=\"https:\/\/www.google.com\/url?q=http:\/\/www.sembravinos.com\/&amp;source=gmail&amp;ust=1693448460374000&amp;usg=AOvVaw2pp4kZCgghjjVSndPnwNDZ\">\u00a0<\/a><a href=\"http:\/\/www.sembravinos.com\/\" data-saferedirecturl=\"https:\/\/www.google.com\/url?q=http:\/\/www.sembravinos.com\/&amp;source=gmail&amp;ust=1693448460374000&amp;usg=AOvVaw2pp4kZCgghjjVSndPnwNDZ\">www.sembravinos.com<\/a>\u00a0o en su cuenta de Instagram, @SembraRD.<\/p>\n<p style=\"text-align: justify;\">\n<p style=\"font-weight: 400; text-align: justify;\"><strong>Fuente: <\/strong>Laura Minyetty (<a href=\"mailto:lminyetty@beltcom.com\">lminyetty@beltcom.com<\/a>)<\/p>\n","protected":false},"excerpt":{"rendered":"<p>Santo Domingo. En una noche llena de elegancia y sabor, Sembra Agencia de Vinos llev\u00f3<\/p>\n","protected":false},"author":2,"featured_media":0,"comment_status":"open","ping_status":"open","sticky":false,"template":"","format":"standard","meta":{"footnotes":""},"categories":[7],"tags":[],"class_list":["post-6330","post","type-post","status-publish","format-standard","hentry","category-nacionales"],"_links":{"self":[{"href":"https:\/\/defrentealaverdad.com\/index.php\/wp-json\/wp\/v2\/posts\/6330","targetHints":{"allow":["GET"]}}],"collection":[{"href":"https:\/\/defrentealaverdad.com\/index.php\/wp-json\/wp\/v2\/posts"}],"about":[{"href":"https:\/\/defrentealaverdad.com\/index.php\/wp-json\/wp\/v2\/types\/post"}],"author":[{"embeddable":true,"href":"https:\/\/defrentealaverdad.com\/index.php\/wp-json\/wp\/v2\/users\/2"}],"replies":[{"embeddable":true,"href":"https:\/\/defrentealaverdad.com\/index.php\/wp-json\/wp\/v2\/comments?post=6330"}],"version-history":[{"count":1,"href":"https:\/\/defrentealaverdad.com\/index.php\/wp-json\/wp\/v2\/posts\/6330\/revisions"}],"predecessor-version":[{"id":6334,"href":"https:\/\/defrentealaverdad.com\/index.php\/wp-json\/wp\/v2\/posts\/6330\/revisions\/6334"}],"wp:attachment":[{"href":"https:\/\/defrentealaverdad.com\/index.php\/wp-json\/wp\/v2\/media?parent=6330"}],"wp:term":[{"taxonomy":"category","embeddable":true,"href":"https:\/\/defrentealaverdad.com\/index.php\/wp-json\/wp\/v2\/categories?post=6330"},{"taxonomy":"post_tag","embeddable":true,"href":"https:\/\/defrentealaverdad.com\/index.php\/wp-json\/wp\/v2\/tags?post=6330"}],"curies":[{"name":"wp","href":"https:\/\/api.w.org\/{rel}","templated":true}]}}