{"id":6316,"date":"2023-08-29T13:10:17","date_gmt":"2023-08-29T13:10:17","guid":{"rendered":"https:\/\/defrentealaverdad.com\/?p=6316"},"modified":"2023-08-29T13:10:17","modified_gmt":"2023-08-29T13:10:17","slug":"el-ano-escolar-inicio-con-poca-asistencia-y-muchas-promesas","status":"publish","type":"post","link":"https:\/\/defrentealaverdad.com\/index.php\/2023\/08\/29\/el-ano-escolar-inicio-con-poca-asistencia-y-muchas-promesas\/","title":{"rendered":"El a\u00f1o escolar inici\u00f3 con poca asistencia y muchas promesas"},"content":{"rendered":"<p style=\"text-align: justify;\">El a\u00f1o escolar 2023-2024 arranc\u00f3 este lunes con baja asistencia estudiantil entre los planteles educativos del Gran Santo Domingo y vastas promesas por parte del gobierno.<\/p>\n<div id=\"standard_2\" class=\"st-placement standard_2 inArticle\" style=\"text-align: justify;\">\n<div class=\"st-adunit-inarticle st-inarticle-slot\">\n<div class=\"st-adunit st-adunit-tagged st-reset st-show\">\n<div class=\"st-adunit-ad st-reset\">\n<div class=\"st-display-render st-reset open 300x600\">\n<div class=\"st-canvas st-reset vertical-static\"><b>Bajo el lema \u201ccambiemos el pa\u00eds desde las aulas\u201d, <\/b>el presidente Luis Abinader dio apertura ayer a este nuevo periodo de escolaridad, en el que asegur\u00f3 que se ponen en marcha nuevas proezas que se suman a la lista de metas cumplidas; adem\u00e1s de que se instauran nuevos retos a alcanzar para el siguiente.<\/div>\n<\/div>\n<\/div>\n<\/div>\n<\/div>\n<\/div>\n<p style=\"text-align: justify;\">Desde el Liceo Germ\u00e1n Mart\u00ednez Taveras, que fue inaugurado a la par, en el sector Los R\u00edos del Distrito Nacional, tanto Abinader como el ministro de Educaci\u00f3n, \u00c1ngel Hern\u00e1ndez, afirmaron haber\u00a0<b>recibido a tempranas horas de la ma\u00f1ana la noticia de una buena inserci\u00f3n escolar;\u00a0<\/b>sin embargo, no fue corroborado entre algunos centros capitalinos visitados por el LIST\u00cdN DIARIO.<\/p>\n<p style=\"text-align: justify;\"><img decoding=\"async\" class=\"aligncenter lazyload\" data-src=\"https:\/\/listindiario.com\/files\/main_image\/uploads\/2023\/08\/28\/64ed488ab9516.jpeg\" alt=\"El presidente Luis Abinader junto a personal del Ministerio de Educaci\u00f3n, alumnos y profesores dio inicio al a\u00f1o escolar 2023-2024 anunciando la ampliaci\u00f3n del transporte.\" src=\"data:image\/svg+xml;base64,PHN2ZyB3aWR0aD0iMSIgaGVpZ2h0PSIxIiB4bWxucz0iaHR0cDovL3d3dy53My5vcmcvMjAwMC9zdmciPjwvc3ZnPg==\" \/><\/p>\n<div id=\"div-gpt-ad-1682694769489-0\" class=\"c-add\" style=\"text-align: justify;\" data-google-query-id=\"CMiSrf_3gYEDFQiThgodepgPOg\">\n<div id=\"google_ads_iframe_\/1018679\/LD_Home_Mobile_Article\/LD_Mobile_Article_2_0__container__\">\u201cBaja. Aqu\u00ed la asistencia fue extremadamente baja. Recibimos solo 66 ni\u00f1os de 480\u201d, cont\u00f3 la directora del Liceo Juan Bosch, en Cristo Rey, se\u00f1alando que muchos padres acudieron hasta el centro para dar como excusa de las inasistencias el que sus hijos no pose\u00edan uniformes o \u00fatiles escolares, a pesar de que les solicitaron enviarlos con lo que tuviesen, por disposici\u00f3n del Ministerio de Educaci\u00f3n. Asimismo, dijeron que en <b>Cristo Rey, ni en La Arenita, El Aguacate, El Macuto, El Pablo Sexto,<\/b>\u00a0u otros sectores aleda\u00f1os, ten\u00edan la certeza de que hayan recibido donaciones por parte del Instituto Nacional de Bienestar Estudiantil (Inabie) de \u00fatiles y uniformes.<\/div>\n<\/div>\n<p style=\"text-align: justify;\">En la escuela Rep\u00fablica de Costa Rica, en Los R\u00edos, de una matr\u00edcula total de 480, s\u00ed se integraron 472 alumnos a las aulas, de acuerdo con la directora Regina Rodr\u00edguez; mientras, en la escuela Rep\u00fablica de Panam\u00e1, fueron solo 125 ni\u00f1os de 415.<\/p>\n<p style=\"text-align: justify;\">\n<p style=\"text-align: justify;\">Fuente: Listin Diario<\/p>\n","protected":false},"excerpt":{"rendered":"<p>El a\u00f1o escolar 2023-2024 arranc\u00f3 este lunes con baja asistencia estudiantil entre los planteles educativos<\/p>\n","protected":false},"author":1,"featured_media":0,"comment_status":"open","ping_status":"open","sticky":false,"template":"","format":"standard","meta":{"footnotes":""},"categories":[7],"tags":[],"class_list":["post-6316","post","type-post","status-publish","format-standard","hentry","category-nacionales"],"_links":{"self":[{"href":"https:\/\/defrentealaverdad.com\/index.php\/wp-json\/wp\/v2\/posts\/6316","targetHints":{"allow":["GET"]}}],"collection":[{"href":"https:\/\/defrentealaverdad.com\/index.php\/wp-json\/wp\/v2\/posts"}],"about":[{"href":"https:\/\/defrentealaverdad.com\/index.php\/wp-json\/wp\/v2\/types\/post"}],"author":[{"embeddable":true,"href":"https:\/\/defrentealaverdad.com\/index.php\/wp-json\/wp\/v2\/users\/1"}],"replies":[{"embeddable":true,"href":"https:\/\/defrentealaverdad.com\/index.php\/wp-json\/wp\/v2\/comments?post=6316"}],"version-history":[{"count":1,"href":"https:\/\/defrentealaverdad.com\/index.php\/wp-json\/wp\/v2\/posts\/6316\/revisions"}],"predecessor-version":[{"id":6317,"href":"https:\/\/defrentealaverdad.com\/index.php\/wp-json\/wp\/v2\/posts\/6316\/revisions\/6317"}],"wp:attachment":[{"href":"https:\/\/defrentealaverdad.com\/index.php\/wp-json\/wp\/v2\/media?parent=6316"}],"wp:term":[{"taxonomy":"category","embeddable":true,"href":"https:\/\/defrentealaverdad.com\/index.php\/wp-json\/wp\/v2\/categories?post=6316"},{"taxonomy":"post_tag","embeddable":true,"href":"https:\/\/defrentealaverdad.com\/index.php\/wp-json\/wp\/v2\/tags?post=6316"}],"curies":[{"name":"wp","href":"https:\/\/api.w.org\/{rel}","templated":true}]}}