{"id":6296,"date":"2023-08-28T15:41:54","date_gmt":"2023-08-28T15:41:54","guid":{"rendered":"https:\/\/defrentealaverdad.com\/?p=6296"},"modified":"2023-08-28T15:41:54","modified_gmt":"2023-08-28T15:41:54","slug":"economia-dominicana-se-desacelera-en-el-primer-semestre-de-2023-y-crece-solo-1-2","status":"publish","type":"post","link":"https:\/\/defrentealaverdad.com\/index.php\/2023\/08\/28\/economia-dominicana-se-desacelera-en-el-primer-semestre-de-2023-y-crece-solo-1-2\/","title":{"rendered":"Econom\u00eda dominicana se desacelera en el primer semestre de 2023 y crece solo 1.2 %"},"content":{"rendered":"<p style=\"text-align: justify;\"><strong><img decoding=\"async\" class=\"aligncenter lazyload\" data-src=\"https:\/\/blogger.googleusercontent.com\/img\/b\/R29vZ2xl\/AVvXsEhvA0uKD6UAzV1noYoG2Qg8069JlVb-wOiSx7j2D8aKhH7usdj8V5UfF9y5J8RBiYKWd2-y-Lo4mhYEoGv8f8VY4diZKy5ekzq3C0VeYlX8mpyojkv735-ve1G8hbanQWDhNrzAjO27rpBWE2LWR3FqV5_i_VNJyh5P6D5yHUcn1JHm57Zn7_YsGzgZTeM\/s896\/Economia%20desacekera.jpg\" src=\"data:image\/svg+xml;base64,PHN2ZyB3aWR0aD0iMSIgaGVpZ2h0PSIxIiB4bWxucz0iaHR0cDovL3d3dy53My5vcmcvMjAwMC9zdmciPjwvc3ZnPg==\" \/><\/strong><\/p>\n<p style=\"text-align: justify;\"><strong>El Indicador Mensual de Actividad Econ\u00f3mica se ubic\u00f3 en apenas 0.1 % interanual en junio; esperan pronto aumento. En la foto de archivo, consumidores se abastecen de productos en un mercado de Santo Domingo Este.<\/strong><\/p>\n<p style=\"font-weight: 400;\"><strong>Santo Domingo.-\u00a0<\/strong>La\u00a0actividad econ\u00f3mica\u00a0del pa\u00eds se desaceler\u00f3 en el primer semestre del 2023, con un\u00a0crecimiento acumulado\u00a0de apenas 1.2 %. El porcentaje es inferior al acumulado promedio de 5.6 % exhibido en igual periodo del a\u00f1o pasado.<\/p>\n<p style=\"font-weight: 400;\">En junio, el\u00a0Indicador Mensual de Actividad Econ\u00f3mica\u00a0(IMAE) apenas se situ\u00f3 en 0.1 % interanual. Sin embargo, el gobierno asegura que en los pr\u00f3ximos meses se espera un aumento en la\u00a0actividad econ\u00f3mica, dada la implementaci\u00f3n de pol\u00edticas de\u00a0est\u00edmulo monetario\u00a0por parte del Banco Central de la Rep\u00fablica Dominicana y una mayor inversi\u00f3n p\u00fablica.<\/p>\n<p style=\"font-weight: 400;\">No obstante, las decisiones de la\u00a0Reserva Federal\u00a0(banco central) de los Estados Unidos\u00a0sobre sus\u00a0tipos de inter\u00e9s\u00a0pintan un panorama de incertidumbre internacional. El presidente de la instituci\u00f3n, Jerome Powell, afirm\u00f3 el viernes\u00a0 que el regulador seguir\u00e1 manteniendo los tipos altos hasta que se logre dominar la\u00a0inflaci\u00f3n, aunque abri\u00f3 la puerta a una posible pausa en las subidas.<\/p>\n<p style=\"font-weight: 400;\">\u00abEstamos preparados para\u00a0aumentar a\u00fan m\u00e1s las tasas\u00a0si corresponde y pretendemos mantener la pol\u00edtica en un nivel restrictivo hasta que estemos seguros de que la\u00a0inflaci\u00f3n\u00a0est\u00e1 descendiendo de manera sostenible hacia nuestro objetivo\u00bb, afirm\u00f3 Powell en un discurso de apertura de una reuni\u00f3n anual de banqueros centrales.<\/p>\n<p style=\"font-weight: 400;\">Despu\u00e9s de 12 meses consecutivos de ca\u00eddas, la tasa de\u00a0inflaci\u00f3n\u00a0en Estados Unidos subi\u00f3 dos d\u00e9cimas en julio y se situ\u00f3 en el\u00a03.2 %.<\/p>\n<p style=\"font-weight: 400;\">Tras detenerse en junio, en julio la\u00a0Reserva Federal\u00a0reanud\u00f3 las subidas de los\u00a0tipos de inter\u00e9s\u00a0y aument\u00f3 las tasas 0.25 puntos porcentuales. As\u00ed, los tipos pasaron a situarse en una horquilla de entre el 5.25 y 5.5 %, su m\u00e1ximo nivel desde 2001.<\/p>\n<p style=\"font-weight: 400;\">El Banco Central de la Rep\u00fablica Dominicana lleva dos meses manteniendo\u00a0 su tasa de inter\u00e9s de\u00a0pol\u00edtica monetaria\u00a0en 7.75 % anual. Antes la fij\u00f3 por un mes en 8.00 % y durante siete meses la mantuvo en 8.50 %, como parte de su pol\u00edtica\u00a0restrictiva para contener las\u00a0presiones inflacionarias.<\/p>\n<p style=\"font-weight: 400;\">\u00abEsta pausa en el ciclo de reducciones de\u00a0tasas de inter\u00e9s\u00a0toma en consideraci\u00f3n los factores de incertidumbre provenientes del entorno internacional; en un contexto en el cual la\u00a0inflaci\u00f3n\u00a0dom\u00e9stica se encuentra en el centro del rango meta de 4.0 % \u00b1 1.0 %, como resultado de las pol\u00edticas monetaria y fiscal implementadas, as\u00ed como de las menores presiones de demanda interna\u00bb, indic\u00f3 el banco en su \u00faltimo aviso de\u00a0pol\u00edtica monetaria.<\/p>\n<p style=\"font-weight: 400;\"><strong>\u00bfC\u00f3mo cerrar\u00eda el a\u00f1o?.-\u00a0<\/strong>\u00abLa econom\u00eda de la Rep\u00fablica Dominicana ha sido una de las m\u00e1s din\u00e1micas y resilientes del continente americano en las \u00faltimas dos d\u00e9cadas\u00bb, asegur\u00f3 una misi\u00f3n del Fondo Monetario Internacional (FMI) que visit\u00f3 el pa\u00eds en este a\u00f1o. Sin embargo, rebaj\u00f3 a 4 % la\u00a0proyecci\u00f3n\u00a0de crecimiento\u00a0de la naci\u00f3n en el 2023 y sugiri\u00f3\u00a0pol\u00edticas fiscales\u00a0como la introducci\u00f3n de una ley de responsabilidad fiscal (ya sometida al Congreso Nacional), ampliar la base impositiva y reducir exenciones.<\/p>\n<p style=\"font-weight: 400;\">El\u00a0Banco Mundial\u00a0tambi\u00e9n redujo 0.7 puntos porcentuales el\u00a0crecimiento de la Rep\u00fablica Dominicana\u00a0para este a\u00f1o. Del 4.8 % que estim\u00f3 en enero, en junio calcul\u00f3 que ser\u00eda 4.1 %.<\/p>\n<p style=\"font-weight: 400;\">Si se hace un concenso de estos y otros pron\u00f3sticos de organismos internacionales, la\u00a0proyecci\u00f3n\u00a0hecha en julio es que el pa\u00eds crecer\u00e1\u00a03.9\u00a0en el 2023 y\u00a04.2\u00a0en el 2024, siendo de los porcentajes punteros en la regi\u00f3n.<\/p>\n<p style=\"font-weight: 400;\">Para\u00a0Am\u00e9rica Latina y el Caribe\u00a0se proyecta un crecimiento del 1.6 % en este 2023, basado en\u00a0consensus forecast. Para el 2024, los pron\u00f3sticos bajaron para proyectar tambi\u00e9n un 1.6 %, debido a los niveles de incertidumbre por las condiciones macrofinancieras globales.<\/p>\n<p style=\"font-weight: 400;\"><strong>Fuentes: Informes de Indicador Mensual de Actividad Econ\u00f3mica\u00a0(IMAE), Fondo Monetario Internacional (FMI), Banco Mundial, Reserva Federal\u00a0(banco central) de los Estados Unidos y Banco Central de la Rep\u00fablica Dominicana. Tomado del Peri\u00f3dico Diario Libre.<\/strong><\/p>\n","protected":false},"excerpt":{"rendered":"<p>El Indicador Mensual de Actividad Econ\u00f3mica se ubic\u00f3 en apenas 0.1 % interanual en junio;<\/p>\n","protected":false},"author":1,"featured_media":0,"comment_status":"open","ping_status":"open","sticky":false,"template":"","format":"standard","meta":{"footnotes":""},"categories":[2],"tags":[],"class_list":["post-6296","post","type-post","status-publish","format-standard","hentry","category-economicas"],"_links":{"self":[{"href":"https:\/\/defrentealaverdad.com\/index.php\/wp-json\/wp\/v2\/posts\/6296","targetHints":{"allow":["GET"]}}],"collection":[{"href":"https:\/\/defrentealaverdad.com\/index.php\/wp-json\/wp\/v2\/posts"}],"about":[{"href":"https:\/\/defrentealaverdad.com\/index.php\/wp-json\/wp\/v2\/types\/post"}],"author":[{"embeddable":true,"href":"https:\/\/defrentealaverdad.com\/index.php\/wp-json\/wp\/v2\/users\/1"}],"replies":[{"embeddable":true,"href":"https:\/\/defrentealaverdad.com\/index.php\/wp-json\/wp\/v2\/comments?post=6296"}],"version-history":[{"count":1,"href":"https:\/\/defrentealaverdad.com\/index.php\/wp-json\/wp\/v2\/posts\/6296\/revisions"}],"predecessor-version":[{"id":6297,"href":"https:\/\/defrentealaverdad.com\/index.php\/wp-json\/wp\/v2\/posts\/6296\/revisions\/6297"}],"wp:attachment":[{"href":"https:\/\/defrentealaverdad.com\/index.php\/wp-json\/wp\/v2\/media?parent=6296"}],"wp:term":[{"taxonomy":"category","embeddable":true,"href":"https:\/\/defrentealaverdad.com\/index.php\/wp-json\/wp\/v2\/categories?post=6296"},{"taxonomy":"post_tag","embeddable":true,"href":"https:\/\/defrentealaverdad.com\/index.php\/wp-json\/wp\/v2\/tags?post=6296"}],"curies":[{"name":"wp","href":"https:\/\/api.w.org\/{rel}","templated":true}]}}