{"id":6294,"date":"2023-08-28T15:40:30","date_gmt":"2023-08-28T15:40:30","guid":{"rendered":"https:\/\/defrentealaverdad.com\/?p=6294"},"modified":"2023-08-28T15:40:30","modified_gmt":"2023-08-28T15:40:30","slug":"ocupan-mas-de-mil-libras-de-marihuana-en-operativo-en-dajabon","status":"publish","type":"post","link":"https:\/\/defrentealaverdad.com\/index.php\/2023\/08\/28\/ocupan-mas-de-mil-libras-de-marihuana-en-operativo-en-dajabon\/","title":{"rendered":"Ocupan m\u00e1s de mil libras de marihuana en operativo en Dajab\u00f3n"},"content":{"rendered":"<div id=\"mvp-post-feat-img\" class=\"left relative mvp-post-feat-img-wide2\"><img decoding=\"async\" class=\"attachment- size- wp-post-image alignright lazyload\" data-src=\"https:\/\/www.ultimasnoticias.com.do\/wp-content\/uploads\/2023\/08\/cargamento-marihuana.jpg\" data-sizes=\"(max-width: 600px) 100vw, 600px\" data-srcset=\"https:\/\/www.ultimasnoticias.com.do\/wp-content\/uploads\/2023\/08\/cargamento-marihuana.jpg 600w, https:\/\/www.ultimasnoticias.com.do\/wp-content\/uploads\/2023\/08\/cargamento-marihuana-300x169.jpg 300w\" alt=\"\" width=\"600\" height=\"337\" src=\"data:image\/svg+xml;base64,PHN2ZyB3aWR0aD0iMSIgaGVpZ2h0PSIxIiB4bWxucz0iaHR0cDovL3d3dy53My5vcmcvMjAwMC9zdmciPjwvc3ZnPg==\" style=\"--smush-placeholder-width: 600px; --smush-placeholder-aspect-ratio: 600\/337;\" \/><\/div>\n<div id=\"mvp-content-wrap\" class=\"left relative\">\n<div id=\"mvp-content-body\" class=\"left relative\">\n<div id=\"mvp-content-body-top\" class=\"left relative\">\n<div id=\"mvp-content-main\" class=\"left relative\">\n<p style=\"text-align: justify;\">Santo Domingo.- Miembros del Cuerpo Especializado de Seguridad Fronteriza Terrestre (CESFronT), apoyados por agentes de la Direcci\u00f3n Nacional de Control de Drogas (DNCD) y del Ministerio P\u00fablico, ocuparon un cargamento de 1, 197 libras de marihuana, en medio de un operativo de supervision, desarrollado en el punto de control fronterizo Dajab\u00f3n- Ouanaminthe.<\/p>\n<p style=\"text-align: justify;\">Los efectivos del Cesfront y agentes de la DNCD, realizaban labores de inspecci\u00f3n y vigilancia en el referido paso de chequeo, cuando interceptaron al conductor de un cami\u00f3n, que tras percatarse de la presencia de las autoridades, dejo abandonado el veh\u00edculo y huy\u00f3 del lugar.<\/p>\n<p style=\"text-align: justify;\">Posteriormente, en coordinaci\u00f3n con el Ministerio Publico, militares y agentes antinarc\u00f3ticos, asistidos por unidades caninas detectaron entre la cabina y la cama del cami\u00f3n, una caleta en cuyo interior se incautaron 24 sacos conteniendo 119 pacas con un peso total de 1, 197 libras del vegetal.<\/p>\n<p style=\"text-align: justify;\">El Ministerio P\u00fablico y la DNCD activan la localizaci\u00f3n de un haitiano, se\u00f1alado como el conductor del cami\u00f3n marca International, color blanco, placa TM492415, en cuyo interior se ocuparon las pacas de la sustancia.<\/p>\n<p style=\"text-align: justify;\">\u00abEn el interior del cami\u00f3n se encontr\u00f3 documentos y otros evidencias que permitir\u00e1n ampliar el proceso investigativo\u00bb, dice un comunicado de prensa enviada a<strong>\u00a0\u00daLTIMAS NOTICIAS.<\/strong><\/p>\n<p style=\"text-align: justify;\">El decomiso del importante cargamento de marihuana es parte del reforzamiento de la coordinaci\u00f3n de las instituciones del Gobierno en la lucha contra el narcotr\u00e1fico, el lavado de activos y otros delitos.<\/p>\n<\/div>\n<p>Fuente: Ultimas Noticias<\/p>\n<\/div>\n<\/div>\n<\/div>\n","protected":false},"excerpt":{"rendered":"<p>Santo Domingo.- Miembros del Cuerpo Especializado de Seguridad Fronteriza Terrestre (CESFronT), apoyados por agentes de<\/p>\n","protected":false},"author":1,"featured_media":0,"comment_status":"open","ping_status":"open","sticky":false,"template":"","format":"standard","meta":{"footnotes":""},"categories":[7],"tags":[],"class_list":["post-6294","post","type-post","status-publish","format-standard","hentry","category-nacionales"],"_links":{"self":[{"href":"https:\/\/defrentealaverdad.com\/index.php\/wp-json\/wp\/v2\/posts\/6294","targetHints":{"allow":["GET"]}}],"collection":[{"href":"https:\/\/defrentealaverdad.com\/index.php\/wp-json\/wp\/v2\/posts"}],"about":[{"href":"https:\/\/defrentealaverdad.com\/index.php\/wp-json\/wp\/v2\/types\/post"}],"author":[{"embeddable":true,"href":"https:\/\/defrentealaverdad.com\/index.php\/wp-json\/wp\/v2\/users\/1"}],"replies":[{"embeddable":true,"href":"https:\/\/defrentealaverdad.com\/index.php\/wp-json\/wp\/v2\/comments?post=6294"}],"version-history":[{"count":1,"href":"https:\/\/defrentealaverdad.com\/index.php\/wp-json\/wp\/v2\/posts\/6294\/revisions"}],"predecessor-version":[{"id":6295,"href":"https:\/\/defrentealaverdad.com\/index.php\/wp-json\/wp\/v2\/posts\/6294\/revisions\/6295"}],"wp:attachment":[{"href":"https:\/\/defrentealaverdad.com\/index.php\/wp-json\/wp\/v2\/media?parent=6294"}],"wp:term":[{"taxonomy":"category","embeddable":true,"href":"https:\/\/defrentealaverdad.com\/index.php\/wp-json\/wp\/v2\/categories?post=6294"},{"taxonomy":"post_tag","embeddable":true,"href":"https:\/\/defrentealaverdad.com\/index.php\/wp-json\/wp\/v2\/tags?post=6294"}],"curies":[{"name":"wp","href":"https:\/\/api.w.org\/{rel}","templated":true}]}}