{"id":6285,"date":"2023-08-28T01:53:08","date_gmt":"2023-08-28T01:53:08","guid":{"rendered":"https:\/\/defrentealaverdad.com\/?p=6285"},"modified":"2023-08-28T01:55:04","modified_gmt":"2023-08-28T01:55:04","slug":"armada-aclara-sobre-videos-que-circulan-en-redes-sociales","status":"publish","type":"post","link":"https:\/\/defrentealaverdad.com\/index.php\/2023\/08\/28\/armada-aclara-sobre-videos-que-circulan-en-redes-sociales\/","title":{"rendered":"Armada aclara sobre videos que circulan en Redes Sociales"},"content":{"rendered":"<p>Por Felix Rubio<\/p>\n<div>\n<div class=\"separator\" style=\"text-align: justify;\"><a href=\"https:\/\/blogger.googleusercontent.com\/img\/b\/R29vZ2xl\/AVvXsEjw63vziADSE65UFFNtE6c4G_IKRenGm1yrdBVgnQaAgvoiprf5Eu90zXC4QVTdwf1gthU0-uY_WEwrUXvYSDq2vk--uaJKopYPoB6WCQslHzowzOoJjhKxB-S3PGgMtFkBA8PFnv9pMb-FU7MPfBHX9xXR-VUMEOxpscveU1hDmefgwBSoAEVGwp-NBX8\/s1024\/IMG-20230825-WA0117.jpg\"><img decoding=\"async\" class=\"alignleft lazyload\" data-src=\"https:\/\/blogger.googleusercontent.com\/img\/b\/R29vZ2xl\/AVvXsEjw63vziADSE65UFFNtE6c4G_IKRenGm1yrdBVgnQaAgvoiprf5Eu90zXC4QVTdwf1gthU0-uY_WEwrUXvYSDq2vk--uaJKopYPoB6WCQslHzowzOoJjhKxB-S3PGgMtFkBA8PFnv9pMb-FU7MPfBHX9xXR-VUMEOxpscveU1hDmefgwBSoAEVGwp-NBX8\/w400-h286\/IMG-20230825-WA0117.jpg\" width=\"336\" height=\"240\" border=\"0\" data-original-height=\"732\" data-original-width=\"1024\" src=\"data:image\/svg+xml;base64,PHN2ZyB3aWR0aD0iMSIgaGVpZ2h0PSIxIiB4bWxucz0iaHR0cDovL3d3dy53My5vcmcvMjAwMC9zdmciPjwvc3ZnPg==\" style=\"--smush-placeholder-width: 336px; --smush-placeholder-aspect-ratio: 336\/240;\" \/><\/a><\/div>\n<\/div>\n<div style=\"text-align: justify;\">\n<div style=\"text-align: justify;\">\n<p>La Armada aclara en relaci\u00f3n a dos videos que circulan en las redes sociales, donde en uno de ellos se muestra un enorme fajo de dinero a bordo de una embarcaci\u00f3n de pesca de fabricaci\u00f3n artesanal; seg\u00fan confirmaciones de la Direcci\u00f3n General de Cine, corresponde a la filmaci\u00f3n de unvideoclip realizado el s\u00e1bado 26-08-2023, en la playa LasBallenas, municipioLasTerrenasdelaprovinciadeSaman\u00e1<\/p>\n<p>En otro video se puede visualizar un hombre atado siendo lanzado al mar desde una embarcaci\u00f3n de pesca. La instituci\u00f3n aclara que no hay informaciones de que este suceso haya ocurrido en aguas jurisdiccionales de la Rep\u00fablica Dominicana.<\/p>\n<p>Adem\u00e1s no se ha recibido ninguna denuncia relacionada a este hecho. La Comandancia General de la Armada reitera su compromiso de defender y proteger los mares y costas de la Rep\u00fablica Dominicana y salvaguardar la vida humana en el mar.<\/p>\n<p>Fuente: Comandancia General de la Armada<\/p>\n<\/div>\n<\/div>\n","protected":false},"excerpt":{"rendered":"<p>Por Felix Rubio La Armada aclara en relaci\u00f3n a dos videos que circulan en las<\/p>\n","protected":false},"author":1,"featured_media":0,"comment_status":"open","ping_status":"open","sticky":false,"template":"","format":"standard","meta":{"footnotes":""},"categories":[7],"tags":[],"class_list":["post-6285","post","type-post","status-publish","format-standard","hentry","category-nacionales"],"_links":{"self":[{"href":"https:\/\/defrentealaverdad.com\/index.php\/wp-json\/wp\/v2\/posts\/6285","targetHints":{"allow":["GET"]}}],"collection":[{"href":"https:\/\/defrentealaverdad.com\/index.php\/wp-json\/wp\/v2\/posts"}],"about":[{"href":"https:\/\/defrentealaverdad.com\/index.php\/wp-json\/wp\/v2\/types\/post"}],"author":[{"embeddable":true,"href":"https:\/\/defrentealaverdad.com\/index.php\/wp-json\/wp\/v2\/users\/1"}],"replies":[{"embeddable":true,"href":"https:\/\/defrentealaverdad.com\/index.php\/wp-json\/wp\/v2\/comments?post=6285"}],"version-history":[{"count":3,"href":"https:\/\/defrentealaverdad.com\/index.php\/wp-json\/wp\/v2\/posts\/6285\/revisions"}],"predecessor-version":[{"id":6288,"href":"https:\/\/defrentealaverdad.com\/index.php\/wp-json\/wp\/v2\/posts\/6285\/revisions\/6288"}],"wp:attachment":[{"href":"https:\/\/defrentealaverdad.com\/index.php\/wp-json\/wp\/v2\/media?parent=6285"}],"wp:term":[{"taxonomy":"category","embeddable":true,"href":"https:\/\/defrentealaverdad.com\/index.php\/wp-json\/wp\/v2\/categories?post=6285"},{"taxonomy":"post_tag","embeddable":true,"href":"https:\/\/defrentealaverdad.com\/index.php\/wp-json\/wp\/v2\/tags?post=6285"}],"curies":[{"name":"wp","href":"https:\/\/api.w.org\/{rel}","templated":true}]}}