{"id":6282,"date":"2023-08-25T15:37:02","date_gmt":"2023-08-25T15:37:02","guid":{"rendered":"https:\/\/defrentealaverdad.com\/?p=6282"},"modified":"2023-08-25T15:37:35","modified_gmt":"2023-08-25T15:37:35","slug":"mbajadora-destaca-fuertes-vinculos-de-cooperacion-entre-congreso-de-ny-y-rd","status":"publish","type":"post","link":"https:\/\/defrentealaverdad.com\/index.php\/2023\/08\/25\/mbajadora-destaca-fuertes-vinculos-de-cooperacion-entre-congreso-de-ny-y-rd\/","title":{"rendered":"Embajadora destaca fuertes v\u00ednculos de cooperaci\u00f3n entre Congreso de NY y RD"},"content":{"rendered":"<div class=\"separator\" style=\"text-align: justify;\"><a href=\"https:\/\/blogger.googleusercontent.com\/img\/b\/R29vZ2xl\/AVvXsEg1f_7kTet_QpIA8QHwlEbZfe_CT013SA16Y8siiR8lzK_kmOI7kvibWxtr7bsEGZr7dU1mYpvdTWixglELFVDnGt9JgSGarido8KaieIFapcTO-FqccPlkC9hgpeNLoc-Z4Csb1bDlSUeDKlbIjGzoLt5Tgz2d7xEYc14TEDNelZAiu6GnjXUZiZa-go0\/s1024\/IMG-20230825-WA0112.jpg\"><img decoding=\"async\" class=\"alignright lazyload\" title=\"IMG-20230825-WA0112\" data-src=\"https:\/\/blogger.googleusercontent.com\/img\/b\/R29vZ2xl\/AVvXsEg1f_7kTet_QpIA8QHwlEbZfe_CT013SA16Y8siiR8lzK_kmOI7kvibWxtr7bsEGZr7dU1mYpvdTWixglELFVDnGt9JgSGarido8KaieIFapcTO-FqccPlkC9hgpeNLoc-Z4Csb1bDlSUeDKlbIjGzoLt5Tgz2d7xEYc14TEDNelZAiu6GnjXUZiZa-go0\/s320\/IMG-20230825-WA0112.jpg\" alt=\"IMG-20230825-WA0112\" width=\"320\" height=\"153\" border=\"0\" data-original-height=\"491\" data-original-width=\"1024\" src=\"data:image\/svg+xml;base64,PHN2ZyB3aWR0aD0iMSIgaGVpZ2h0PSIxIiB4bWxucz0iaHR0cDovL3d3dy53My5vcmcvMjAwMC9zdmciPjwvc3ZnPg==\" style=\"--smush-placeholder-width: 320px; --smush-placeholder-aspect-ratio: 320\/153;\" \/><\/a><\/div>\n<p style=\"text-align: justify;\">Por Mirla Hernandez<\/p>\n<p style=\"text-align: justify;\">SANTO DOMINGO, RD. La embajadora dominicana en los Estados Unidos, Sonia Guzm\u00e1n, calific\u00f3 como positivo los fuertes v\u00ednculos de amistad y cooperaci\u00f3n existentes entre los cuerpos legislativos de Estados Unidos y Rep\u00fablica Dominicana, tras participar en varios encuentros del segundo viaje oficial de la delegaci\u00f3n del Senado del Estado de Nueva York a RD.<\/p>\n<p style=\"text-align: justify;\">Sonia Guzm\u00e1n inform\u00f3 que legisladores de ambos pa\u00edses se comprometieron a unificar esfuerzos en temas de inter\u00e9s mutuo como la educaci\u00f3n, la econom\u00eda, seguridad ciudadana, asuntos legislativos y otros aspectos.<\/p>\n<p style=\"text-align: justify;\">Guzm\u00e1n indic\u00f3 que en dichos encuentros se discutieron nuevas \u00e1reas de cooperaci\u00f3n que ser\u00e1n anunciadas en su momento, y destac\u00f3 que de la visita anterior surgi\u00f3 una iniciativa aprobada recientemente por el Congreso de Nueva York sobre la homologaci\u00f3n de la licencia de conducir dominicana en dicho\u00a0 estado.<\/p>\n<p style=\"text-align: justify;\">La embajadora destac\u00f3 que Estados Unidos es una de las principales potencias del mundo, forma parte de las 20 econom\u00edas m\u00e1s grandes, posee una poblaci\u00f3n de m\u00e1s de 331 millones de personas, por lo que muchas de sus iniciativas legislativas, leyes y regulaciones sirven de referencia para pa\u00edses en v\u00eda de desarrollo como Rep\u00fablica Dominicana.<\/p>\n<p style=\"text-align: justify;\"><a href=\"https:\/\/blogger.googleusercontent.com\/img\/b\/R29vZ2xl\/AVvXsEgdtLUByqTvO6kXrX7QBOG4RZWQTi8hn6ZwLSMLASdP_v-W_jC7s8VadiDkiaPL-oHED89UKoPt5_Vjjlbz2HTeXTGJNVyVUHop_f7m7svDt70AhwQrFcVPyT1cC8xb-ShF07RRQhS6IJvIsod8ZTmNsJ4id81bGc5U3yF4RzUrDZuQ8geFVsQQoKGry9E\/s1024\/IMG-20230825-WA0108.jpg\"><img decoding=\"async\" class=\"alignleft lazyload\" title=\"IMG-20230825-WA0108\" data-src=\"https:\/\/blogger.googleusercontent.com\/img\/b\/R29vZ2xl\/AVvXsEgdtLUByqTvO6kXrX7QBOG4RZWQTi8hn6ZwLSMLASdP_v-W_jC7s8VadiDkiaPL-oHED89UKoPt5_Vjjlbz2HTeXTGJNVyVUHop_f7m7svDt70AhwQrFcVPyT1cC8xb-ShF07RRQhS6IJvIsod8ZTmNsJ4id81bGc5U3yF4RzUrDZuQ8geFVsQQoKGry9E\/s320\/IMG-20230825-WA0108.jpg\" alt=\"IMG-20230825-WA0108\" width=\"320\" height=\"213\" border=\"0\" data-original-height=\"683\" data-original-width=\"1024\" src=\"data:image\/svg+xml;base64,PHN2ZyB3aWR0aD0iMSIgaGVpZ2h0PSIxIiB4bWxucz0iaHR0cDovL3d3dy53My5vcmcvMjAwMC9zdmciPjwvc3ZnPg==\" style=\"--smush-placeholder-width: 320px; --smush-placeholder-aspect-ratio: 320\/213;\" \/><\/a><\/p>\n<p style=\"text-align: justify;\">\u201c Las decisiones adoptadas por el Congreso estadounidense tambi\u00e9n inciden en m\u00e1s de 2.3 millones de dominicanos que residen esa naci\u00f3n, as\u00ed como en nuestra econom\u00eda, ya que EEUU se mantiene como nuestro el principal socio de exportaci\u00f3n, acumulando en 2022 un total de 6,245 millones de d\u00f3lares, equivalentes a un 50.4% del total general y en lo que va del 2023 m\u00e1s de 3,782.7 millones de d\u00f3lares\u201d, expres\u00f3 la diplom\u00e1tica.<\/p>\n<p style=\"text-align: justify;\">Sonia Guzm\u00e1n agradeci\u00f3 a Alexis Victoria Yeb, senador por la provincia Mar\u00eda Trinidad S\u00e1nchez, por la invitaci\u00f3n y coordinaci\u00f3n de estos encuentros con esta importante delegaci\u00f3n del Senado de NY encabezada por Luis Sep\u00falveda, actual senador por el distrito 32, en el Estado de Nueva York; el cual se hizo acompa\u00f1ar de una amplia representaci\u00f3n, entre los que se destaca el se\u00f1or Phil Ramos, vicepresidente de la Asamblea de Nueva York; jueces de la Corte Suprema del Estado de Nueva York; oficiales del Departamento de Polic\u00eda; y funcionarios de la oficina legislativa del senador Sep\u00falveda.<\/p>\n<p style=\"text-align: justify;\">Asimismo particip\u00f3 el c\u00f3nsul general, Eligio J\u00e1quez y otros funcionarios.<\/p>\n<p style=\"text-align: justify;\">Fuente: El Faro RD<\/p>\n","protected":false},"excerpt":{"rendered":"<p>Por Mirla Hernandez SANTO DOMINGO, RD. La embajadora dominicana en los Estados Unidos, Sonia Guzm\u00e1n,<\/p>\n","protected":false},"author":4,"featured_media":0,"comment_status":"open","ping_status":"open","sticky":false,"template":"","format":"standard","meta":{"footnotes":""},"categories":[16],"tags":[],"class_list":["post-6282","post","type-post","status-publish","format-standard","hentry","category-internacionales"],"_links":{"self":[{"href":"https:\/\/defrentealaverdad.com\/index.php\/wp-json\/wp\/v2\/posts\/6282","targetHints":{"allow":["GET"]}}],"collection":[{"href":"https:\/\/defrentealaverdad.com\/index.php\/wp-json\/wp\/v2\/posts"}],"about":[{"href":"https:\/\/defrentealaverdad.com\/index.php\/wp-json\/wp\/v2\/types\/post"}],"author":[{"embeddable":true,"href":"https:\/\/defrentealaverdad.com\/index.php\/wp-json\/wp\/v2\/users\/4"}],"replies":[{"embeddable":true,"href":"https:\/\/defrentealaverdad.com\/index.php\/wp-json\/wp\/v2\/comments?post=6282"}],"version-history":[{"count":2,"href":"https:\/\/defrentealaverdad.com\/index.php\/wp-json\/wp\/v2\/posts\/6282\/revisions"}],"predecessor-version":[{"id":6284,"href":"https:\/\/defrentealaverdad.com\/index.php\/wp-json\/wp\/v2\/posts\/6282\/revisions\/6284"}],"wp:attachment":[{"href":"https:\/\/defrentealaverdad.com\/index.php\/wp-json\/wp\/v2\/media?parent=6282"}],"wp:term":[{"taxonomy":"category","embeddable":true,"href":"https:\/\/defrentealaverdad.com\/index.php\/wp-json\/wp\/v2\/categories?post=6282"},{"taxonomy":"post_tag","embeddable":true,"href":"https:\/\/defrentealaverdad.com\/index.php\/wp-json\/wp\/v2\/tags?post=6282"}],"curies":[{"name":"wp","href":"https:\/\/api.w.org\/{rel}","templated":true}]}}