{"id":6279,"date":"2023-08-25T15:02:26","date_gmt":"2023-08-25T15:02:26","guid":{"rendered":"https:\/\/defrentealaverdad.com\/?p=6279"},"modified":"2023-08-25T15:02:26","modified_gmt":"2023-08-25T15:02:26","slug":"ministerio-de-educacion-ratifica-el-ano-escolar-inicia-el-proximo-lunes-dia-28","status":"publish","type":"post","link":"https:\/\/defrentealaverdad.com\/index.php\/2023\/08\/25\/ministerio-de-educacion-ratifica-el-ano-escolar-inicia-el-proximo-lunes-dia-28\/","title":{"rendered":"Ministerio de Educaci\u00f3n ratifica el a\u00f1o escolar inicia el pr\u00f3ximo lunes d\u00eda 28"},"content":{"rendered":"<p style=\"text-align: justify;\"><strong>Santo Domingo.-<\/strong>\u00a0El Ministerio de Educaci\u00f3n de la Rep\u00fablica Dominicana\u00a0<strong>(MINERD)<\/strong>\u00a0ratific\u00f3 que el\u00a0<strong>nuevo a\u00f1o escolar iniciar\u00e1 el pr\u00f3ximo lunes d\u00eda 28,<\/strong>\u00a0en un acto encabezado por el\u00a0<strong>presidente Luis Abinader<\/strong>\u00a0a las 9:00 de la ma\u00f1ana en el\u00a0<strong>liceo Germ\u00e1n Mart\u00ednez Taveras, de Arroyo Hondo.<\/strong><\/p>\n<div id=\"advads-7bc32dea770ea8b8c4e9a26891737d04\" class=\"advads-7bc32dea770ea8b8c4e9a26891737d04 advads-content-first-paragraph\" style=\"text-align: justify;\">\n<div id=\"advads-1437632642\" class=\"advads-content-first-paragraph\">\n<div id=\"advads-1145919265\" class=\"advads-target\" data-advads-trackid=\"171507\" data-advads-trackbid=\"1\">As\u00ed lo inform\u00f3 el <strong>ministro \u00c1ngel Hern\u00e1ndez,<\/strong>\u00a0quien se\u00f1al\u00f3 que se han adoptado acciones para garantizar la impartici\u00f3n de docencia, como es la\u00a0<strong>intervenci\u00f3n de cinco planteles impactados por la tormenta tropical Franklin<\/strong>\u00a0y el inicio de la\u00a0<strong>distribuci\u00f3n de los libros de texto<\/strong>\u00a0impresos y la habilitaci\u00f3n de un\u00a0<strong>portal para su acceso por medio de internet.<\/strong><\/div>\n<\/div>\n<\/div>\n<p style=\"text-align: justify;\">Seg\u00fan explic\u00f3 Hern\u00e1ndez, la\u00a0<strong>Direcci\u00f3n General de Gesti\u00f3n de Riesgo\u00a0<\/strong>del MINERD report\u00f3 que la tormenta Franklin caus\u00f3 da\u00f1os como desplome de verja perimetral, da\u00f1os estructurales y del tendido el\u00e9ctrico, as\u00ed como filtraciones, por lo que la\u00a0<strong>Direcci\u00f3n General de Infraestructura Escolar inici\u00f3 su intervenci\u00f3n para garantizar que podr\u00e1n recibir a la comunidad educativa el pr\u00f3ximo lunes.<\/strong><\/p>\n<p style=\"text-align: justify;\">Dijo que de los centros educativos impactados por la tormenta hay\u00a0<strong>tres en San Crist\u00f3bal<\/strong>: Ca\u00f1ada de Agua, escuela de Majagual y Jos\u00e9 Francisco Pe\u00f1a G\u00f3mez, as\u00ed\u00a0 como\u00a0<strong>dos de Santo Domingo<\/strong>:los liceos Jos\u00e9 Duarte y Br\u00edgida P\u00e9rez.<\/p>\n<figure class=\"wp-block-image\" style=\"text-align: justify;\"><img decoding=\"async\" data-src=\"https:\/\/www.presidencia.gob.do\/sites\/default\/files\/inline-images\/A%C3%B1o%20escolar%20MINERD.jpeg\" alt=\"Libros de Texto\" src=\"data:image\/svg+xml;base64,PHN2ZyB3aWR0aD0iMSIgaGVpZ2h0PSIxIiB4bWxucz0iaHR0cDovL3d3dy53My5vcmcvMjAwMC9zdmciPjwvc3ZnPg==\" class=\"lazyload\" \/><\/figure>\n<h2 style=\"text-align: justify;\"><strong>Distribuci\u00f3n de libros de texto<\/strong><\/h2>\n<p style=\"text-align: justify;\">Asimismo, el ministro precis\u00f3 que hasta el martes pasado\u00a0<strong>14 Direcciones Regionales y 98 Distritos Educativos hab\u00edan recibido los libros de texto del primer y segundo ciclo de Primaria y los dos ciclos de Secundaria,<\/strong>\u00a0los cuales han sido producidos por el MINERD a trav\u00e9s de su unidad editorial, en convenio con universidades y academias del pa\u00eds.<\/p>\n<div id=\"advads-30e5c34997bd4b6e66d3fe8568a740c5\" class=\"advads-30e5c34997bd4b6e66d3fe8568a740c5 advads-content-middle\" style=\"text-align: justify;\">\n<div id=\"advads-424413186\" class=\"advads-content-middle\">\n<div id=\"advads-917343424\" class=\"advads-target\" data-advads-trackid=\"301064\" data-advads-trackbid=\"1\"><em>\u201cHasta antes de las medidas preventivas adoptadas por el Gobierno ante el paso de la tormenta tropical Franklin, los libros hab\u00edan llegado a 14 Direcciones Regionales y sus respectivos Distritos Educativos, los que hac\u00eda m\u00e1s de 10 a\u00f1os no recib\u00edan libros de texto de acuerdo con la adecuaci\u00f3n y actualizaci\u00f3n del Curr\u00edculo\u201d.<\/em><\/div>\n<\/div>\n<\/div>\n<p style=\"text-align: justify;\">\u00c1ngel Hern\u00e1ndez expres\u00f3 que los libros de texto\u00a0<strong>se continuar\u00e1n distribuyendo<\/strong>\u00a0hasta su culminaci\u00f3n en los pr\u00f3ximos d\u00edas. Observ\u00f3, adem\u00e1s, que los mismos estar\u00e1n disponibles en la\u00a0<strong>plataforma digital Libro Abierto<\/strong>, a la cual se tendr\u00e1 acceso a partir de la apertura del nuevo a\u00f1o escolar.<\/p>\n<figure class=\"wp-block-image\" style=\"text-align: justify;\"><img decoding=\"async\" data-src=\"https:\/\/www.presidencia.gob.do\/sites\/default\/files\/inline-images\/Distribuci%C3%B3n%20de%20libros.jpeg\" alt=\"Distribuci\u00f3n de libros MINERD\" src=\"data:image\/svg+xml;base64,PHN2ZyB3aWR0aD0iMSIgaGVpZ2h0PSIxIiB4bWxucz0iaHR0cDovL3d3dy53My5vcmcvMjAwMC9zdmciPjwvc3ZnPg==\" class=\"lazyload\" \/><\/figure>\n<p style=\"text-align: justify;\">Dijo que a la distribuci\u00f3n de libros de texto que se est\u00e1 realizando se suman\u00a0<strong>libros pertenecientes al Segundo Ciclo de la Educaci\u00f3n Primaria que fueron recuperados del a\u00f1o escolar 2022-2023<\/strong>\u00a0y que estar\u00e1n al servicio de los estudiantes, ya que dichos textos a\u00fan est\u00e1n en uso y su vigencia fue reafirmada por el\u00a0<strong>Consejo Nacional de Educaci\u00f3n mediante la<\/strong>\u00a0<strong>Ordenanza 02-2023<\/strong>.<\/p>\n<p style=\"text-align: justify;\">Entre las Direcciones Regionales que ya han recibido los libros de texto se encuentran la 01 de Barahona, 02 de San Juan de la Maguana, 03 de Azua, 04 de San Crist\u00f3bal, 05 de San Pedro de Macor\u00eds, 06 de La Vega, 07 de San Francisco de Macor\u00eds, 08 de Santiago, 09 de Mao, 10 y 15 de Santo Domingo y el Distrito Nacional, respectivamente, 12 de Hig\u00fcey y 18 de Neiba.<\/p>\n<p style=\"text-align: justify;\">\n<p style=\"text-align: justify;\">Fuente: Roberto Cavada<\/p>\n","protected":false},"excerpt":{"rendered":"<p>Santo Domingo.-\u00a0El Ministerio de Educaci\u00f3n de la Rep\u00fablica Dominicana\u00a0(MINERD)\u00a0ratific\u00f3 que el\u00a0nuevo a\u00f1o escolar iniciar\u00e1 el<\/p>\n","protected":false},"author":4,"featured_media":0,"comment_status":"open","ping_status":"open","sticky":false,"template":"","format":"standard","meta":{"footnotes":""},"categories":[7],"tags":[],"class_list":["post-6279","post","type-post","status-publish","format-standard","hentry","category-nacionales"],"_links":{"self":[{"href":"https:\/\/defrentealaverdad.com\/index.php\/wp-json\/wp\/v2\/posts\/6279","targetHints":{"allow":["GET"]}}],"collection":[{"href":"https:\/\/defrentealaverdad.com\/index.php\/wp-json\/wp\/v2\/posts"}],"about":[{"href":"https:\/\/defrentealaverdad.com\/index.php\/wp-json\/wp\/v2\/types\/post"}],"author":[{"embeddable":true,"href":"https:\/\/defrentealaverdad.com\/index.php\/wp-json\/wp\/v2\/users\/4"}],"replies":[{"embeddable":true,"href":"https:\/\/defrentealaverdad.com\/index.php\/wp-json\/wp\/v2\/comments?post=6279"}],"version-history":[{"count":1,"href":"https:\/\/defrentealaverdad.com\/index.php\/wp-json\/wp\/v2\/posts\/6279\/revisions"}],"predecessor-version":[{"id":6280,"href":"https:\/\/defrentealaverdad.com\/index.php\/wp-json\/wp\/v2\/posts\/6279\/revisions\/6280"}],"wp:attachment":[{"href":"https:\/\/defrentealaverdad.com\/index.php\/wp-json\/wp\/v2\/media?parent=6279"}],"wp:term":[{"taxonomy":"category","embeddable":true,"href":"https:\/\/defrentealaverdad.com\/index.php\/wp-json\/wp\/v2\/categories?post=6279"},{"taxonomy":"post_tag","embeddable":true,"href":"https:\/\/defrentealaverdad.com\/index.php\/wp-json\/wp\/v2\/tags?post=6279"}],"curies":[{"name":"wp","href":"https:\/\/api.w.org\/{rel}","templated":true}]}}