{"id":6277,"date":"2023-08-25T15:01:08","date_gmt":"2023-08-25T15:01:08","guid":{"rendered":"https:\/\/defrentealaverdad.com\/?p=6277"},"modified":"2023-08-25T15:01:08","modified_gmt":"2023-08-25T15:01:08","slug":"la-fundacion-quiereme-asi-realizo-por-tercera-ocasion-los-5k-en-el-municipio-de-jarabacoa","status":"publish","type":"post","link":"https:\/\/defrentealaverdad.com\/index.php\/2023\/08\/25\/la-fundacion-quiereme-asi-realizo-por-tercera-ocasion-los-5k-en-el-municipio-de-jarabacoa\/","title":{"rendered":"La fundaci\u00f3n \u201cQui\u00e9reme As\u00ed\u201d realiz\u00f3 por tercera ocasi\u00f3n los 5k en el municipio de Jarabacoa"},"content":{"rendered":"<p style=\"text-align: justify;\"><strong>Jarabacoa, La Vega<\/strong>.- El polo tur\u00edstico de la monta\u00f1a, en la avenida General Norberto Tiburcio, de Jarabacoa, se ti\u00f1\u00f3 de blanco con rojo gracias a los m\u00e1s 500 participantes que se unieron con entusiasmo para apoyar esta causa que est\u00e1 destinada a mejorar la calidad de vida de ni\u00f1os y ni\u00f1as que viven con la condici\u00f3n de par\u00e1lisis cerebral, s\u00edndrome de Down, Autismo, entre otros.<\/p>\n<div id=\"advads-f30552925b1a7046ebc00047ffcd9125\" class=\"advads-f30552925b1a7046ebc00047ffcd9125 advads-content-first-paragraph\" style=\"text-align: justify;\">\n<div id=\"advads-1539993471\" class=\"advads-content-first-paragraph\">\n<div id=\"advads-1632517070\" data-advads-trackid=\"308987\" data-advads-trackbid=\"1\">La actividad que inici\u00f3 a primeras horas de la ma\u00f1ana, partiendo desde el parquecito Junior Ortiz, se desarroll\u00f3 en un ambiente de alegr\u00eda donde los ni\u00f1os con discapacidad de la fundaci\u00f3n \u201cQui\u00e9reme As\u00ed\u201d cumplieron un papel protag\u00f3nico desde el inicio hasta el final. La misma cont\u00f3 con la participaci\u00f3n del alcalde municipal Yunior Torres, entre otras autoridades.<\/div>\n<\/div>\n<\/div>\n<p style=\"text-align: justify;\">Este a\u00f1o la carrera fue dedicada a Casiano Quezada, presidente de la Fundaci\u00f3n AQ Esperanza, y se realiz\u00f3 un reconocimiento a la Fundaci\u00f3n World Baseball Outreach. En la misma resultaron como ganadores Andry Montilla, Jos\u00e9 Ramon Gratero y Alexis Bautista, en la categor\u00eda masculina y en la femenina, Soranyi Rodriguez, Yafreiry Adelino y Maria del Pilar Terminiello.<\/p>\n<div id=\"advads-cafd82432f12a2d131b7bf428e29ed31\" class=\"advads-cafd82432f12a2d131b7bf428e29ed31 advads-content-middle\" style=\"text-align: justify;\">\n<div id=\"advads-1950512940\" class=\"advads-content-middle\">\n<div id=\"advads-1245601879\" class=\"advads-target\" data-advads-trackid=\"279673\" data-advads-trackbid=\"1\"><\/div>\n<\/div>\n<\/div>\n<figure class=\"is-layout-flex wp-block-gallery-1 wp-block-gallery has-nested-images columns-default is-cropped\" style=\"text-align: justify;\">\n<figure class=\"wp-block-image size-large\"><img decoding=\"async\" class=\"wp-image-329982 lazyload\" data-src=\"https:\/\/robertocavada.com\/wp-content\/uploads\/2023\/08\/IMG_6502-1024x503.jpeg\" data-sizes=\"(max-width: 1024px) 100vw, 1024px\" data-srcset=\"https:\/\/robertocavada.com\/wp-content\/uploads\/2023\/08\/IMG_6502-1024x503.jpeg 1024w, https:\/\/robertocavada.com\/wp-content\/uploads\/2023\/08\/IMG_6502-300x147.jpeg 300w, https:\/\/robertocavada.com\/wp-content\/uploads\/2023\/08\/IMG_6502-768x377.jpeg 768w, https:\/\/robertocavada.com\/wp-content\/uploads\/2023\/08\/IMG_6502-1536x755.jpeg 1536w, https:\/\/robertocavada.com\/wp-content\/uploads\/2023\/08\/IMG_6502-370x182.jpeg 370w, https:\/\/robertocavada.com\/wp-content\/uploads\/2023\/08\/IMG_6502.jpeg 1600w\" alt=\"\" width=\"1024\" height=\"503\" data-id=\"329982\" src=\"data:image\/svg+xml;base64,PHN2ZyB3aWR0aD0iMSIgaGVpZ2h0PSIxIiB4bWxucz0iaHR0cDovL3d3dy53My5vcmcvMjAwMC9zdmciPjwvc3ZnPg==\" style=\"--smush-placeholder-width: 1024px; --smush-placeholder-aspect-ratio: 1024\/503;\" \/><\/figure>\n<figure class=\"wp-block-image size-large\"><\/figure>\n<\/figure>\n<p style=\"text-align: justify;\">Ana Melba Alc\u00e1ntara, presidenta de la fundaci\u00f3n, expres\u00f3 que esta actividad se realiza con la finalidad de crear conciencia en la sociedad sobre las personas que viven con estas discapacidades, y que de esta forma puedan ser aceptados, reciban educaci\u00f3n y sean integrados al mundo laboral.<\/p>\n<p style=\"text-align: justify;\">\u201cNuestro sue\u00f1o es llegar a ser la voz de cada ni\u00f1o, cada adolescente, cada individuo, para que con cada paso que se da en esta carrera, se avance hacia un mundo m\u00e1s comprensivo, accesible y equitativo para todos\u201d, a\u00f1adi\u00f3 Alc\u00e1ntara.<\/p>\n<p style=\"text-align: justify;\">La Fundaci\u00f3n \u201cQui\u00e9reme As\u00ed\u201d trabaja junto a familias de ni\u00f1os con diversas discapacidades con la finalidad de lograr la integraci\u00f3n e inclusi\u00f3n plena de estos en la sociedad. Adem\u00e1s, realizan actividades recreativas y de formaci\u00f3n con todos los involucrados.<\/p>\n<p>&nbsp;<\/p>\n<p>Fuente: Fundaci\u00f3n \u201cQui\u00e9reme As\u00ed\u201d<\/p>\n","protected":false},"excerpt":{"rendered":"<p>Jarabacoa, La Vega.- El polo tur\u00edstico de la monta\u00f1a, en la avenida General Norberto Tiburcio,<\/p>\n","protected":false},"author":2,"featured_media":0,"comment_status":"open","ping_status":"open","sticky":false,"template":"","format":"standard","meta":{"footnotes":""},"categories":[7],"tags":[],"class_list":["post-6277","post","type-post","status-publish","format-standard","hentry","category-nacionales"],"_links":{"self":[{"href":"https:\/\/defrentealaverdad.com\/index.php\/wp-json\/wp\/v2\/posts\/6277","targetHints":{"allow":["GET"]}}],"collection":[{"href":"https:\/\/defrentealaverdad.com\/index.php\/wp-json\/wp\/v2\/posts"}],"about":[{"href":"https:\/\/defrentealaverdad.com\/index.php\/wp-json\/wp\/v2\/types\/post"}],"author":[{"embeddable":true,"href":"https:\/\/defrentealaverdad.com\/index.php\/wp-json\/wp\/v2\/users\/2"}],"replies":[{"embeddable":true,"href":"https:\/\/defrentealaverdad.com\/index.php\/wp-json\/wp\/v2\/comments?post=6277"}],"version-history":[{"count":1,"href":"https:\/\/defrentealaverdad.com\/index.php\/wp-json\/wp\/v2\/posts\/6277\/revisions"}],"predecessor-version":[{"id":6278,"href":"https:\/\/defrentealaverdad.com\/index.php\/wp-json\/wp\/v2\/posts\/6277\/revisions\/6278"}],"wp:attachment":[{"href":"https:\/\/defrentealaverdad.com\/index.php\/wp-json\/wp\/v2\/media?parent=6277"}],"wp:term":[{"taxonomy":"category","embeddable":true,"href":"https:\/\/defrentealaverdad.com\/index.php\/wp-json\/wp\/v2\/categories?post=6277"},{"taxonomy":"post_tag","embeddable":true,"href":"https:\/\/defrentealaverdad.com\/index.php\/wp-json\/wp\/v2\/tags?post=6277"}],"curies":[{"name":"wp","href":"https:\/\/api.w.org\/{rel}","templated":true}]}}