{"id":6272,"date":"2023-08-25T14:54:25","date_gmt":"2023-08-25T14:54:25","guid":{"rendered":"https:\/\/defrentealaverdad.com\/?p=6272"},"modified":"2023-08-25T14:59:36","modified_gmt":"2023-08-25T14:59:36","slug":"espinal-un-diputado-joven-para-una-nueva-generacion","status":"publish","type":"post","link":"https:\/\/defrentealaverdad.com\/index.php\/2023\/08\/25\/espinal-un-diputado-joven-para-una-nueva-generacion\/","title":{"rendered":"Jhon Espinal: Un diputado joven para una nueva generaci\u00f3n"},"content":{"rendered":"<p style=\"text-align: justify;\"><img decoding=\"async\" class=\"wp-image-6274 alignright lazyload\" data-src=\"https:\/\/defrentealaverdad.com\/wp-content\/uploads\/2023\/08\/WhatsApp-Image-2023-08-25-at-10.33.48-300x264.jpeg\" alt=\"\" width=\"232\" height=\"204\" data-srcset=\"https:\/\/defrentealaverdad.com\/wp-content\/uploads\/2023\/08\/WhatsApp-Image-2023-08-25-at-10.33.48-300x264.jpeg 300w, https:\/\/defrentealaverdad.com\/wp-content\/uploads\/2023\/08\/WhatsApp-Image-2023-08-25-at-10.33.48.jpeg 718w\" data-sizes=\"(max-width: 232px) 100vw, 232px\" src=\"data:image\/svg+xml;base64,PHN2ZyB3aWR0aD0iMSIgaGVpZ2h0PSIxIiB4bWxucz0iaHR0cDovL3d3dy53My5vcmcvMjAwMC9zdmciPjwvc3ZnPg==\" style=\"--smush-placeholder-width: 232px; --smush-placeholder-aspect-ratio: 232\/204;\" \/>Carlos Espinal. (Jhon). Abogado, mercad\u00f3logo, deportista, empresarios y pol\u00edtico. Presidente del movimiento Ola, una de las promesas j\u00f3venes de la provincia la Altagracia.<\/p>\n<p style=\"text-align: justify;\">Un joven con una de las mejores propuestas que hemos escuchado de los futuros legisladores de la Rep\u00fablica Dominicana. Un joven que desde el primer momento que decidi\u00f3 participar activamente en la pol\u00edtica ha vivido preocupados por la ni\u00f1ez y los envejecientes de nuestro pa\u00eds. Por eso y mucho m\u00e1s.<\/p>\n<p style=\"text-align: justify;\">Jhon Espinal Diputado 2024-2028.<\/p>\n","protected":false},"excerpt":{"rendered":"<p>Carlos Espinal. (Jhon). Abogado, mercad\u00f3logo, deportista, empresarios y pol\u00edtico. Presidente del movimiento Ola, una de<\/p>\n","protected":false},"author":1,"featured_media":0,"comment_status":"open","ping_status":"open","sticky":false,"template":"","format":"standard","meta":{"footnotes":""},"categories":[7,12],"tags":[],"class_list":["post-6272","post","type-post","status-publish","format-standard","hentry","category-nacionales","category-politicas"],"_links":{"self":[{"href":"https:\/\/defrentealaverdad.com\/index.php\/wp-json\/wp\/v2\/posts\/6272","targetHints":{"allow":["GET"]}}],"collection":[{"href":"https:\/\/defrentealaverdad.com\/index.php\/wp-json\/wp\/v2\/posts"}],"about":[{"href":"https:\/\/defrentealaverdad.com\/index.php\/wp-json\/wp\/v2\/types\/post"}],"author":[{"embeddable":true,"href":"https:\/\/defrentealaverdad.com\/index.php\/wp-json\/wp\/v2\/users\/1"}],"replies":[{"embeddable":true,"href":"https:\/\/defrentealaverdad.com\/index.php\/wp-json\/wp\/v2\/comments?post=6272"}],"version-history":[{"count":3,"href":"https:\/\/defrentealaverdad.com\/index.php\/wp-json\/wp\/v2\/posts\/6272\/revisions"}],"predecessor-version":[{"id":6276,"href":"https:\/\/defrentealaverdad.com\/index.php\/wp-json\/wp\/v2\/posts\/6272\/revisions\/6276"}],"wp:attachment":[{"href":"https:\/\/defrentealaverdad.com\/index.php\/wp-json\/wp\/v2\/media?parent=6272"}],"wp:term":[{"taxonomy":"category","embeddable":true,"href":"https:\/\/defrentealaverdad.com\/index.php\/wp-json\/wp\/v2\/categories?post=6272"},{"taxonomy":"post_tag","embeddable":true,"href":"https:\/\/defrentealaverdad.com\/index.php\/wp-json\/wp\/v2\/tags?post=6272"}],"curies":[{"name":"wp","href":"https:\/\/api.w.org\/{rel}","templated":true}]}}