{"id":6264,"date":"2023-08-25T02:39:58","date_gmt":"2023-08-25T02:39:58","guid":{"rendered":"https:\/\/defrentealaverdad.com\/?p=6264"},"modified":"2023-08-25T02:39:58","modified_gmt":"2023-08-25T02:39:58","slug":"lo-que-dice-aerodom-tras-posponer-vuelo-por-falsa-alarma-de-bomba-en-aeropuerto-en-puerto-plata","status":"publish","type":"post","link":"https:\/\/defrentealaverdad.com\/index.php\/2023\/08\/25\/lo-que-dice-aerodom-tras-posponer-vuelo-por-falsa-alarma-de-bomba-en-aeropuerto-en-puerto-plata\/","title":{"rendered":"Lo que dice AERODOM tras posponer vuelo por falsa alarma de bomba en aeropuerto en Puerto Plata"},"content":{"rendered":"<p class=\"p1\" style=\"text-align: justify;\"><strong>Puerto Plata.<\/strong>\u2013 Aproximadamente a las 04:40 horas de la ma\u00f1ana de hoy jueves, las autoridades del Aeropuerto Internacional General Gregorio Luper\u00f3n (MDPP) se vieron en la necesidad de activar los protocolos de evacuaci\u00f3n producto de una falsa alarma resultado de un mensaje amenazante dirigido a la tripulaci\u00f3n del vuelo 1728, operado por la reconocida aerol\u00ednea Jet Blue y con destino a la ciudad de New York, Estados Unidos de Am\u00e9rica.<\/p>\n<p style=\"text-align: justify;\"><img decoding=\"async\" class=\"alignright lazyload\" data-src=\"https:\/\/elpregonerord.com\/wp-content\/uploads\/2023\/08\/IMG_8741.webp\" src=\"data:image\/svg+xml;base64,PHN2ZyB3aWR0aD0iMSIgaGVpZ2h0PSIxIiB4bWxucz0iaHR0cDovL3d3dy53My5vcmcvMjAwMC9zdmciPjwvc3ZnPg==\" \/><\/p>\n<p class=\"p1\" style=\"text-align: justify;\"><span class=\"s1\">El protocolo de seguridad se activ\u00f3 cuando la tripulaci\u00f3n del vuelo 1728 recibi\u00f3 un mensaje de alerta a trav\u00e9s de la aplicaci\u00f3n Idrop, dise\u00f1ada para tel\u00e9fonos m\u00f3viles iPhone. El mensaje gener\u00f3 una respuesta inmediata por parte de las autoridades aeroportuarias.<\/span><\/p>\n<p class=\"p1\" style=\"text-align: justify;\"><span class=\"s1\">En l\u00ednea con los procedimientos de seguridad establecidos, se activaron los protocolos de evacuaci\u00f3n del aeropuerto y se procedi\u00f3 a evacuar a los pasajeros y al personal de tierra de manera ordenada y segura.<\/span><\/p>\n<p class=\"p1\" style=\"text-align: justify;\"><span class=\"s1\">El avi\u00f3n fue revisado como manda el protocolo, sin ning\u00fan hallazgo, y se encuentra listo para salir a la ciudad de Nueva York a la 1 de la tarde.<\/span><\/p>\n<p class=\"p1\" style=\"text-align: justify;\"><span class=\"s1\">AERODOM inform\u00f3 que ha estado dando todo el soporte requerido a las autoridades e indic\u00f3 que este evento aislado no afect\u00f3 las dem\u00e1s operaciones del aeropuerto Gregorio Luper\u00f3n en Puerto Plata. \u201cSe siguieron todos los protocolos internacionales establecidos para este tipo de situaciones y se preserv\u00f3 en todo momento la seguridad de los pasajeros, tripulaci\u00f3n y empleados\u201d.<\/span><\/p>\n<p class=\"p1\" style=\"text-align: justify;\"><span class=\"s1\">Las investigaciones est\u00e1n en curso y las autoridades est\u00e1n trabajando diligentemente para esclarecer la situaci\u00f3n y determinar la procedencia de la amenaza.<\/span><\/p>\n<p class=\"p1\" style=\"text-align: justify;\"><span class=\"s1\">Se mantendr\u00e1 a la prensa y al p\u00fablico en general informados sobre los avances y resultados de la investigaci\u00f3n.<\/span><\/p>\n<p style=\"text-align: justify;\">Fuente: AERODOM<\/p>\n","protected":false},"excerpt":{"rendered":"<p>Puerto Plata.\u2013 Aproximadamente a las 04:40 horas de la ma\u00f1ana de hoy jueves, las autoridades<\/p>\n","protected":false},"author":4,"featured_media":0,"comment_status":"open","ping_status":"open","sticky":false,"template":"","format":"standard","meta":{"footnotes":""},"categories":[7],"tags":[],"class_list":["post-6264","post","type-post","status-publish","format-standard","hentry","category-nacionales"],"_links":{"self":[{"href":"https:\/\/defrentealaverdad.com\/index.php\/wp-json\/wp\/v2\/posts\/6264","targetHints":{"allow":["GET"]}}],"collection":[{"href":"https:\/\/defrentealaverdad.com\/index.php\/wp-json\/wp\/v2\/posts"}],"about":[{"href":"https:\/\/defrentealaverdad.com\/index.php\/wp-json\/wp\/v2\/types\/post"}],"author":[{"embeddable":true,"href":"https:\/\/defrentealaverdad.com\/index.php\/wp-json\/wp\/v2\/users\/4"}],"replies":[{"embeddable":true,"href":"https:\/\/defrentealaverdad.com\/index.php\/wp-json\/wp\/v2\/comments?post=6264"}],"version-history":[{"count":1,"href":"https:\/\/defrentealaverdad.com\/index.php\/wp-json\/wp\/v2\/posts\/6264\/revisions"}],"predecessor-version":[{"id":6265,"href":"https:\/\/defrentealaverdad.com\/index.php\/wp-json\/wp\/v2\/posts\/6264\/revisions\/6265"}],"wp:attachment":[{"href":"https:\/\/defrentealaverdad.com\/index.php\/wp-json\/wp\/v2\/media?parent=6264"}],"wp:term":[{"taxonomy":"category","embeddable":true,"href":"https:\/\/defrentealaverdad.com\/index.php\/wp-json\/wp\/v2\/categories?post=6264"},{"taxonomy":"post_tag","embeddable":true,"href":"https:\/\/defrentealaverdad.com\/index.php\/wp-json\/wp\/v2\/tags?post=6264"}],"curies":[{"name":"wp","href":"https:\/\/api.w.org\/{rel}","templated":true}]}}