{"id":6247,"date":"2023-08-20T01:30:34","date_gmt":"2023-08-20T01:30:34","guid":{"rendered":"https:\/\/defrentealaverdad.com\/?p=6247"},"modified":"2023-08-24T01:30:46","modified_gmt":"2023-08-24T01:30:46","slug":"almomento-vertical-fundacion-raymond-rodriguez-dona-insumos-medicos-hospital","status":"publish","type":"post","link":"https:\/\/defrentealaverdad.com\/index.php\/2023\/08\/20\/almomento-vertical-fundacion-raymond-rodriguez-dona-insumos-medicos-hospital\/","title":{"rendered":"almomento  vertical  Fundaci\u00f3n Raymond Rodr\u00edguez dona insumos m\u00e9dicos hospital"},"content":{"rendered":"<p dir=\"auto\" style=\"text-align: justify;\">\u00a0SAN CRISTOBAL.- La Fundaci\u00f3n Raymond Rodr\u00edguez don\u00f3 insumos m\u00e9dicos al hospital Juan Pablo Pina para atender a los heridos por la explosi\u00f3n que dej\u00f3 varias v\u00edctimas.<\/p>\n<p dir=\"auto\"><img decoding=\"async\" class=\"aligncenter lazyload\" data-src=\"https:\/\/almomento.net\/wp-content\/uploads\/2023\/08\/directt.jpg\" alt=\"imagen\" src=\"data:image\/svg+xml;base64,PHN2ZyB3aWR0aD0iMSIgaGVpZ2h0PSIxIiB4bWxucz0iaHR0cDovL3d3dy53My5vcmcvMjAwMC9zdmciPjwvc3ZnPg==\" \/><\/p>\n<p dir=\"auto\" style=\"text-align: justify;\">\u00a0Entre los productos entregados est\u00e1n: 20 mil unidades de gasas est\u00e9riles, mil sabanas desechables, 150 galones de antis\u00e9ptico de la piel, 720 unidades de esparadrapos hipoal\u00e9rgicos, 200 unidades de Cenocal polvo y antibi\u00f3tico\u00a0 Ciprofloxacina.<\/p>\n<p dir=\"auto\" style=\"text-align: justify;\">\u00a0Raymond Rodr\u00edguez, presidente de la organizaci\u00f3n, destac\u00f3 que este gesto solidario es parte del compromiso de la entidad con las nobles causas del pa\u00eds y en este momento de dificultad y emergencia para el pueblo de San Crist\u00f3bal.<\/p>\n<p dir=\"auto\" style=\"text-align: justify;\">\u00a0\u201cAs\u00ed como lo ha hecho el Presidente de la Rep\u00fablica, Luis Abinader, tambi\u00e9n nosotros lamentamos profundamente esta tragedia que no solo enluta a esta ciudad, sino a todo el pa\u00eds. Por eso como parte de un compromiso social y un gesto humanitario, hoy hemos venido a traer esperanza, nuestra mano solidaria a la gente de San Crist\u00f3bal, porque es momento de apoyo, de acompa\u00f1amiento y de expresar amor al pr\u00f3jimo, lamentamos esta terrible situaci\u00f3n y le decimos que nuestro coraz\u00f3n est\u00e1 con ustedes, Dios consuele a los que han perdido amigos y familiares\u201d, expres\u00f3 Rodr\u00edguez.<\/p>\n<p dir=\"auto\" style=\"text-align: justify;\">\u00a0La directora del hospital Juan Pablo Pina, doctora Monserrat Santana, valor\u00f3 la acci\u00f3n humanitaria de la Fundaci\u00f3n Raymond Rodr\u00edguez, describi\u00e9ndola como un gesto muy loable.<\/p>\n<p dir=\"auto\" style=\"text-align: justify;\">\u00a0Los donativos al centro hospitalario Juan Pablo Pina contaron con\u00a0 el apoyo de Laboratorio ALFA, grupo GBC Farmacias, laboratorio LAM y distribuidora 1311.<\/p>\n<p dir=\"auto\">Fuente: Fundaci\u00f3n Raymond Rodr\u00edguez<\/p>\n","protected":false},"excerpt":{"rendered":"<p>\u00a0SAN CRISTOBAL.- La Fundaci\u00f3n Raymond Rodr\u00edguez don\u00f3 insumos m\u00e9dicos al hospital Juan Pablo Pina para<\/p>\n","protected":false},"author":2,"featured_media":0,"comment_status":"open","ping_status":"open","sticky":false,"template":"","format":"standard","meta":{"footnotes":""},"categories":[7],"tags":[],"class_list":["post-6247","post","type-post","status-publish","format-standard","hentry","category-nacionales"],"_links":{"self":[{"href":"https:\/\/defrentealaverdad.com\/index.php\/wp-json\/wp\/v2\/posts\/6247","targetHints":{"allow":["GET"]}}],"collection":[{"href":"https:\/\/defrentealaverdad.com\/index.php\/wp-json\/wp\/v2\/posts"}],"about":[{"href":"https:\/\/defrentealaverdad.com\/index.php\/wp-json\/wp\/v2\/types\/post"}],"author":[{"embeddable":true,"href":"https:\/\/defrentealaverdad.com\/index.php\/wp-json\/wp\/v2\/users\/2"}],"replies":[{"embeddable":true,"href":"https:\/\/defrentealaverdad.com\/index.php\/wp-json\/wp\/v2\/comments?post=6247"}],"version-history":[{"count":2,"href":"https:\/\/defrentealaverdad.com\/index.php\/wp-json\/wp\/v2\/posts\/6247\/revisions"}],"predecessor-version":[{"id":6249,"href":"https:\/\/defrentealaverdad.com\/index.php\/wp-json\/wp\/v2\/posts\/6247\/revisions\/6249"}],"wp:attachment":[{"href":"https:\/\/defrentealaverdad.com\/index.php\/wp-json\/wp\/v2\/media?parent=6247"}],"wp:term":[{"taxonomy":"category","embeddable":true,"href":"https:\/\/defrentealaverdad.com\/index.php\/wp-json\/wp\/v2\/categories?post=6247"},{"taxonomy":"post_tag","embeddable":true,"href":"https:\/\/defrentealaverdad.com\/index.php\/wp-json\/wp\/v2\/tags?post=6247"}],"curies":[{"name":"wp","href":"https:\/\/api.w.org\/{rel}","templated":true}]}}