{"id":6214,"date":"2023-08-15T03:02:26","date_gmt":"2023-08-15T03:02:26","guid":{"rendered":"https:\/\/defrentealaverdad.com\/?p=6214"},"modified":"2023-08-23T03:03:52","modified_gmt":"2023-08-23T03:03:52","slug":"15-de-agosto-dia-mundial-de-la-relajacion","status":"publish","type":"post","link":"https:\/\/defrentealaverdad.com\/index.php\/2023\/08\/15\/15-de-agosto-dia-mundial-de-la-relajacion\/","title":{"rendered":"15 de agosto: D\u00eda Mundial de la Relajaci\u00f3n"},"content":{"rendered":"<figure class=\"post-featured-image page-single-featured-image post-img-wrap\">\n<div class=\"a-post-img\" style=\"text-align: justify;\"><img decoding=\"async\" class=\"post-img wp-post-image lazyload\" data-src=\"https:\/\/articulandord.com\/wp-content\/uploads\/2023\/08\/img_3033.jpg\" data-sizes=\"(max-width: 1920px) 100vw, 1920px\" data-srcset=\"https:\/\/i0.wp.com\/articulandord.com\/wp-content\/uploads\/2023\/08\/img_3033.jpg?w=1920&amp;ssl=1 1920w, https:\/\/i0.wp.com\/articulandord.com\/wp-content\/uploads\/2023\/08\/img_3033.jpg?resize=200%2C300&amp;ssl=1 200w, https:\/\/i0.wp.com\/articulandord.com\/wp-content\/uploads\/2023\/08\/img_3033.jpg?resize=683%2C1024&amp;ssl=1 683w, https:\/\/i0.wp.com\/articulandord.com\/wp-content\/uploads\/2023\/08\/img_3033.jpg?resize=768%2C1152&amp;ssl=1 768w, https:\/\/i0.wp.com\/articulandord.com\/wp-content\/uploads\/2023\/08\/img_3033.jpg?resize=1024%2C1536&amp;ssl=1 1024w, https:\/\/i0.wp.com\/articulandord.com\/wp-content\/uploads\/2023\/08\/img_3033.jpg?resize=1365%2C2048&amp;ssl=1 1365w, https:\/\/i0.wp.com\/articulandord.com\/wp-content\/uploads\/2023\/08\/img_3033.jpg?resize=1200%2C1800&amp;ssl=1 1200w, https:\/\/i0.wp.com\/articulandord.com\/wp-content\/uploads\/2023\/08\/img_3033.jpg?resize=600%2C900&amp;ssl=1 600w\" alt=\"\" width=\"1920\" height=\"2880\" data-attachment-id=\"14508\" data-permalink=\"https:\/\/articulandord.com\/?attachment_id=14508\" data-orig-file=\"https:\/\/i0.wp.com\/articulandord.com\/wp-content\/uploads\/2023\/08\/img_3033.jpg?fit=1920%2C2880&amp;ssl=1\" data-orig-size=\"1920,2880\" data-comments-opened=\"1\" data-image-meta=\"{&quot;aperture&quot;:&quot;0&quot;,&quot;credit&quot;:&quot;&quot;,&quot;camera&quot;:&quot;&quot;,&quot;caption&quot;:&quot;&quot;,&quot;created_timestamp&quot;:&quot;0&quot;,&quot;copyright&quot;:&quot;&quot;,&quot;focal_length&quot;:&quot;0&quot;,&quot;iso&quot;:&quot;0&quot;,&quot;shutter_speed&quot;:&quot;0&quot;,&quot;title&quot;:&quot;&quot;,&quot;orientation&quot;:&quot;1&quot;}\" data-image-title=\"img_3033\" data-image-description=\"\" data-image-caption=\"\" data-medium-file=\"https:\/\/i0.wp.com\/articulandord.com\/wp-content\/uploads\/2023\/08\/img_3033.jpg?fit=200%2C300&amp;ssl=1\" data-large-file=\"https:\/\/i0.wp.com\/articulandord.com\/wp-content\/uploads\/2023\/08\/img_3033.jpg?fit=683%2C1024&amp;ssl=1\" src=\"data:image\/svg+xml;base64,PHN2ZyB3aWR0aD0iMSIgaGVpZ2h0PSIxIiB4bWxucz0iaHR0cDovL3d3dy53My5vcmcvMjAwMC9zdmciPjwvc3ZnPg==\" style=\"--smush-placeholder-width: 1920px; --smush-placeholder-aspect-ratio: 1920\/2880;\" \/><\/div>\n<\/figure>\n<header class=\"entry-header\">\n<h1 class=\"entry-title\">15 de agosto: D\u00eda Mundial de la Relajaci\u00f3n<\/h1>\n<\/header>\n<div class=\"entry-content\" style=\"text-align: justify;\">\n<p>Aunque nadie sabe a ciencia cierta desde cu\u00e1ndo y c\u00f3mo surgi\u00f3 el\u00a0<strong>D\u00eda Mundial de la Relajaci\u00f3n<\/strong>, lo cierto es que desde hace algunos a\u00f1os se ha popularizado esta celebraci\u00f3n y el hecho de que caiga en las vacaciones de verano de muchas personas, lo convierte en el momento ideal del a\u00f1o para mimarnos aunque sea por un d\u00eda.<\/p>\n<p><strong>El 15 de agosto se celebra el D\u00eda Mundial de la Relajaci\u00f3n.<\/strong><\/p>\n<h2 id=\"resTit_2\" class=\"wp-block-heading\">\u00bfPor qu\u00e9 se celebra el D\u00eda Mundial de la Relajaci\u00f3n?<\/h2>\n<p>El estr\u00e9s es uno de los principales detonantes de enfermedades como alta presi\u00f3n arterial, problemas cardiacos, obesidad e incluso diabetes.<\/p>\n<p>Si dentro de nuestra rutina diaria o semanal, no dedicamos tiempo a desconectar del trabajo y de todos los factores que nos puedan producir estr\u00e9s, muy probablemente el grito de ayuda de nuestro cuerpo termine siendo una ida a la sala de urgencias de cualquier hospital.<\/p>\n<p>Esta es la principal raz\u00f3n de que en el mundo se le dedique todo un d\u00eda a la relajaci\u00f3n.<\/p>\n<h2 id=\"resTit_3\" class=\"wp-block-heading\">Beneficios de relajarnos<\/h2>\n<p>Todo descanso que le brindemos a nuestro cuerpo y sobre todo a la mente, nos permite reordenar las funciones y procesos biol\u00f3gicos de nuestro organismo.<\/p>\n<p>En palabras sencillas, cada vez que nos relajamos ocurre en nuestro sistema lo mismo que ocurre en el sistema operativo de un PC cuando lo reseteamos.<\/p>\n<p>Todo nuestro procesador, que ser\u00eda el organismo analiza a fondo cada uno de nuestros procesos corrigiendo errores y ayud\u00e1ndonos a reorganizarnos tanto f\u00edsica como mentalmente, tal como sucede cada noche cada vez que alcanzamos el sue\u00f1o REM, que es la fase en la que efectivamente so\u00f1amos y depuramos nuestro cerebro de toda aquella informaci\u00f3n que nos perturba y no nos es \u00fatil.<\/p>\n<p>Relajarnos significa depurar la mente y el cuerpo, liberarnos de tensiones innecesarias y equilibrar nuestro organismo para que no sufra ning\u00fan tipo de colapso que ponga en peligro nuestra salud.<\/p>\n<h2 id=\"resTit_4\" class=\"wp-block-heading\">C\u00f3mo celebrar el D\u00eda Mundial de la Relajaci\u00f3n<\/h2>\n<p>La buena noticia, es que resulta muy sencillo celebrar este d\u00eda, sobre todo, porque se ha popularizado entre los spa, centros de yoga y los hoteles. Casi todos ofrecen alg\u00fan tipo de descuento y actividades para motivarte a que desconectes de tu rutina diaria.<\/p>\n<figure class=\"wp-block-image\"><img decoding=\"async\" class=\"alignright lazyload\" title=\"\" data-src=\"https:\/\/i0.wp.com\/www.diainternacionalde.com\/imagenes\/dias\/agosto\/08-15_dia-mundial-relajacion-mujer_m.jpg?w=1110&amp;ssl=1\" alt=\"\" width=\"650\" height=\"433\" src=\"data:image\/svg+xml;base64,PHN2ZyB3aWR0aD0iMSIgaGVpZ2h0PSIxIiB4bWxucz0iaHR0cDovL3d3dy53My5vcmcvMjAwMC9zdmciPjwvc3ZnPg==\" style=\"--smush-placeholder-width: 650px; --smush-placeholder-aspect-ratio: 650\/433;\" \/><\/figure>\n<p>Entre las actividades que puedes realizar durante el d\u00eda est\u00e1n las siguientes:<\/p>\n<h3 id=\"resTit_4_3\" class=\"wp-block-heading\">Actividades deportivas<\/h3>\n<p>Realizar alg\u00fan deporte tambi\u00e9n ayuda a que nos relajemos y desconectemos de nuestro entorno, principalmente si se trata de actividades como montar en bici, trotar, nadar o hacer algo m\u00e1s divertido como una rutina de zumba.<\/p>\n<h3 id=\"resTit_4_4\" class=\"wp-block-heading\">Ten un d\u00eda anal\u00f3gico<\/h3>\n<p>Est\u00e1 comprobado, que aunque la tecnolog\u00eda nos conecta y facilita la vida, tambi\u00e9n puede generar mucho estr\u00e9s y evitar que nos relajemos a plenitud. As\u00ed que una excelente idea es desconectarse de las redes sociales y apagar el m\u00f3vil aunque sea por estas 24 horas. Total, las notificaciones seguir\u00e1n all\u00ed por la ma\u00f1ana.<\/p>\n<\/div>\n<p style=\"text-align: justify;\">Fuente: EFE<\/p>\n","protected":false},"excerpt":{"rendered":"<p>15 de agosto: D\u00eda Mundial de la Relajaci\u00f3n Aunque nadie sabe a ciencia cierta desde<\/p>\n","protected":false},"author":2,"featured_media":0,"comment_status":"open","ping_status":"open","sticky":false,"template":"","format":"standard","meta":{"footnotes":""},"categories":[16],"tags":[],"class_list":["post-6214","post","type-post","status-publish","format-standard","hentry","category-internacionales"],"_links":{"self":[{"href":"https:\/\/defrentealaverdad.com\/index.php\/wp-json\/wp\/v2\/posts\/6214","targetHints":{"allow":["GET"]}}],"collection":[{"href":"https:\/\/defrentealaverdad.com\/index.php\/wp-json\/wp\/v2\/posts"}],"about":[{"href":"https:\/\/defrentealaverdad.com\/index.php\/wp-json\/wp\/v2\/types\/post"}],"author":[{"embeddable":true,"href":"https:\/\/defrentealaverdad.com\/index.php\/wp-json\/wp\/v2\/users\/2"}],"replies":[{"embeddable":true,"href":"https:\/\/defrentealaverdad.com\/index.php\/wp-json\/wp\/v2\/comments?post=6214"}],"version-history":[{"count":1,"href":"https:\/\/defrentealaverdad.com\/index.php\/wp-json\/wp\/v2\/posts\/6214\/revisions"}],"predecessor-version":[{"id":6215,"href":"https:\/\/defrentealaverdad.com\/index.php\/wp-json\/wp\/v2\/posts\/6214\/revisions\/6215"}],"wp:attachment":[{"href":"https:\/\/defrentealaverdad.com\/index.php\/wp-json\/wp\/v2\/media?parent=6214"}],"wp:term":[{"taxonomy":"category","embeddable":true,"href":"https:\/\/defrentealaverdad.com\/index.php\/wp-json\/wp\/v2\/categories?post=6214"},{"taxonomy":"post_tag","embeddable":true,"href":"https:\/\/defrentealaverdad.com\/index.php\/wp-json\/wp\/v2\/tags?post=6214"}],"curies":[{"name":"wp","href":"https:\/\/api.w.org\/{rel}","templated":true}]}}