{"id":6208,"date":"2023-08-20T02:56:12","date_gmt":"2023-08-20T02:56:12","guid":{"rendered":"https:\/\/defrentealaverdad.com\/?p=6208"},"modified":"2023-08-23T02:59:21","modified_gmt":"2023-08-23T02:59:21","slug":"tras-el-telon-nueva-propuesta-de-podcast-sobre-historias-de-exito-de-personalidades-dominicanas","status":"publish","type":"post","link":"https:\/\/defrentealaverdad.com\/index.php\/2023\/08\/20\/tras-el-telon-nueva-propuesta-de-podcast-sobre-historias-de-exito-de-personalidades-dominicanas\/","title":{"rendered":"\u201dTras el Tel\u00f3n\u201d nueva propuesta de podcast sobre historias de \u00e9xito de personalidades dominicanas"},"content":{"rendered":"<p style=\"text-align: justify;\"><img decoding=\"async\" data-src=\"https:\/\/articulandord.com\/wp-content\/uploads\/2023\/04\/Lanzamiento-TEL-1.jpeg\" src=\"data:image\/svg+xml;base64,PHN2ZyB3aWR0aD0iMSIgaGVpZ2h0PSIxIiB4bWxucz0iaHR0cDovL3d3dy53My5vcmcvMjAwMC9zdmciPjwvc3ZnPg==\" class=\"lazyload\" \/><\/p>\n<p style=\"text-align: justify;\"><strong>Santo Domingo. \u2013<\/strong>\u00a0Las adversidades enfrentadas, desaf\u00edos y el optimismo para lograr el \u00e9xito, definen las historias que ser\u00e1n contadas en \u201cTras el Tel\u00f3n\u201d, el nuevo podcast por el que desfilar\u00e1n relevantes figuras de diferentes \u00e1mbitos sociales.<\/p>\n<p style=\"text-align: justify;\">El objetivo de este proyecto es dar a conocer como estas notables personalidades lograron escalar en la vida y conseguir sus sue\u00f1os, para empoderar a los j\u00f3venes, y que entiendan que a pesar de las dificultades es posible trillar el camino para convertirse en personas exitosas.<\/p>\n<p style=\"text-align: justify;\">En esta primera etapa el programa conducido por Yessy P\u00e9rez contar\u00e1 con la participaci\u00f3n de tres importantes actores de la vida nacional: la destacada comunicadora Mariasela \u00c1lvarez, el pol\u00edtico y comentarista Jos\u00e9 Laluz, as\u00ed como, Rafael Feliz, el ministro de la Juventud mas joven en la historia del pa\u00eds.<\/p>\n<p style=\"text-align: justify;\">La veterana comunicadora, Mariasela \u00c1lvarez, ser\u00e1 la primera entrevistada y aprovech\u00f3 la ocasi\u00f3n para desear los mejores parabienes a esta nueva propuesta y a su conductora, \u201cestoy segura que este proyecto tendr\u00e1 much\u00edsimo \u00e9xito porque est\u00e1 conducido por una mujer profesional, responsable y con mucho carisma\u201d.<\/p>\n<p style=\"text-align: justify;\">Mientras que, el ministro de la Juventud, Rafael Feliz, felicit\u00f3 la iniciativa de presentar historias reales que inspiren a los j\u00f3venes a seguir sus sue\u00f1os, \u201cconversar de una manera diferente con personalidades pol\u00edticas y de la vida nacional dominicana permite conocer qu\u00e9 hay detr\u00e1s de la imagen que proyectan, para saber todo lo que han recorrido hasta llegar a donde hoy est\u00e1n\u201d.<br \/>\nEn ese mismo sentido, el pol\u00edtico y comentarista radial, Jos\u00e9 Laluz, asegur\u00f3 que \u201cTras el Tel\u00f3n\u201d solo tiene un camino y es hacia el \u00e9xito, \u201cYessy Perez conoce y tiene la experiencia suficiente para hacer un buen contenido, porque se dedica a eso\u201d.<\/p>\n<p style=\"text-align: justify;\">Este podcast es realizado bajo la sombrilla de la agencia de comunicaci\u00f3n estrat\u00e9gica Red Agency, que brinda servicios de consultor\u00eda de comunicaci\u00f3n, asesor\u00eda de producci\u00f3n audiovisual, relaciones p\u00fablicas y branding. El proyecto es producido por Between Brothers Entertainment con el liderazgo del productor Omdris Reynoso; y cuenta con el apoyo de Auvifinger, Scenarios Security Group, Tienda Trama y JL Producciones.<\/p>\n<p style=\"text-align: justify;\">La reconocida productora de radio y televisi\u00f3n Gelen Gil, dijo que este nuevo proyecto que viene a impactar la visi\u00f3n de la juventud dominicana, \u201cla conoc\u00ed con tan solo 17 a\u00f1itos, una ni\u00f1a correcta en el hablar y trabajadora; eso nos dice mucho de la mujer que hoy todos conocemos y que hay que saber su historia de superaci\u00f3n para valorar el resultado que hoy todos celebramos con Tras el Tel\u00f3n. Yo si me alegro de que profesionales como ella se embarquen en proyectos como este para que continuemos apostando a los contenidos de valor a trav\u00e9s de las plataformas digitales y que no nos dejemos arropar por las llamadas \u201ctendencias\u201d\u201d refiri\u00e9ndose a la conductora del espacio Yessy P\u00e9rez.<\/p>\n<p style=\"text-align: justify;\">\u201cTras El Tel\u00f3n, es un podcast que surge para tocar esa fibra sensible de mi generaci\u00f3n y brindar herramientas que nos har\u00e1n m\u00e1s fuertes para vencer los obst\u00e1culos que la vida trae consigo en el camino al \u00e9xito. Quise convertirme en el canal para que cada episodio se constituya en un recordatorio para los j\u00f3venes de que s\u00ed es posible cuando trazamos metas claras y vamos tras ellas\u201d, expres\u00f3 P\u00e9rez.<\/p>\n<p style=\"text-align: justify;\">El programa se transmitir\u00e1 por primera vez el pr\u00f3ximo martes 25 de abril a las 7:00 P.M., a trav\u00e9s del canal de YouTube; tambi\u00e9n estar\u00e1 disponible en Spotify y redes sociales @TrasElTelonPodcast; cada episodio contar\u00e1 con 30 minutos en los que se dar\u00e1 una conversaci\u00f3n cercana y sin poses con los invitados.<\/p>\n<p style=\"text-align: justify;\"><strong>Sobre Yessy P\u00e9rez<\/strong><\/p>\n<p style=\"text-align: justify;\">Es licenciada en Comunicaci\u00f3n Social menci\u00f3n periodismo, t\u00e9cnico profesional en producci\u00f3n audiovisual, tambi\u00e9n cuenta con una maestr\u00eda en publicidad integrada de la Universidad Nebrija de Madrid, Espa\u00f1a.<\/p>\n<p style=\"text-align: justify;\">Inici\u00f3 su carrera en los medios de comunicaci\u00f3n hace 10 a\u00f1os, ha trabajado en destacados programas de radio y televisi\u00f3n como, Esta Noches Mariasela, Ser Humano, Lideres Tv, El Sol de los S\u00e1bados, Dominicanos a Simple Vista, El Rumbo de la Ma\u00f1ana. Su experiencia tambi\u00e9n se extiende a la administraci\u00f3n p\u00fablica, desempe\u00f1\u00e1ndose como encargada de comunicaci\u00f3n interna en el Ministerio de Medio Ambiente y Recursos Naturales.<\/p>\n<p style=\"text-align: justify;\">En 2020 fund\u00f3 su propia agencia de comunicaci\u00f3n estrat\u00e9gica, Red Agency, y ha trabajado con importantes marcas como, Banco de Reservas, Radio Cadena Comercial, Chiqui Eventos, SEAC, entre otros.<\/p>\n<p>&nbsp;<\/p>\n<p>Fuente: Articulando<\/p>\n","protected":false},"excerpt":{"rendered":"<p>Santo Domingo. \u2013\u00a0Las adversidades enfrentadas, desaf\u00edos y el optimismo para lograr el \u00e9xito, definen las<\/p>\n","protected":false},"author":4,"featured_media":0,"comment_status":"open","ping_status":"open","sticky":false,"template":"","format":"standard","meta":{"footnotes":""},"categories":[6],"tags":[],"class_list":["post-6208","post","type-post","status-publish","format-standard","hentry","category-espectaculos"],"_links":{"self":[{"href":"https:\/\/defrentealaverdad.com\/index.php\/wp-json\/wp\/v2\/posts\/6208","targetHints":{"allow":["GET"]}}],"collection":[{"href":"https:\/\/defrentealaverdad.com\/index.php\/wp-json\/wp\/v2\/posts"}],"about":[{"href":"https:\/\/defrentealaverdad.com\/index.php\/wp-json\/wp\/v2\/types\/post"}],"author":[{"embeddable":true,"href":"https:\/\/defrentealaverdad.com\/index.php\/wp-json\/wp\/v2\/users\/4"}],"replies":[{"embeddable":true,"href":"https:\/\/defrentealaverdad.com\/index.php\/wp-json\/wp\/v2\/comments?post=6208"}],"version-history":[{"count":2,"href":"https:\/\/defrentealaverdad.com\/index.php\/wp-json\/wp\/v2\/posts\/6208\/revisions"}],"predecessor-version":[{"id":6210,"href":"https:\/\/defrentealaverdad.com\/index.php\/wp-json\/wp\/v2\/posts\/6208\/revisions\/6210"}],"wp:attachment":[{"href":"https:\/\/defrentealaverdad.com\/index.php\/wp-json\/wp\/v2\/media?parent=6208"}],"wp:term":[{"taxonomy":"category","embeddable":true,"href":"https:\/\/defrentealaverdad.com\/index.php\/wp-json\/wp\/v2\/categories?post=6208"},{"taxonomy":"post_tag","embeddable":true,"href":"https:\/\/defrentealaverdad.com\/index.php\/wp-json\/wp\/v2\/tags?post=6208"}],"curies":[{"name":"wp","href":"https:\/\/api.w.org\/{rel}","templated":true}]}}