{"id":6204,"date":"2023-08-22T02:51:25","date_gmt":"2023-08-22T02:51:25","guid":{"rendered":"https:\/\/defrentealaverdad.com\/?p=6204"},"modified":"2023-08-23T02:52:48","modified_gmt":"2023-08-23T02:52:48","slug":"norisbel-uceta-y-adhamilka-espinal-entregan-utiles-escolares-a-decenas-de-ninos-en-sdo","status":"publish","type":"post","link":"https:\/\/defrentealaverdad.com\/index.php\/2023\/08\/22\/norisbel-uceta-y-adhamilka-espinal-entregan-utiles-escolares-a-decenas-de-ninos-en-sdo\/","title":{"rendered":"Norisbel Uceta y Adhamilka Espinal entregan \u00fatiles escolares a decenas de ni\u00f1os en SDO"},"content":{"rendered":"<p style=\"text-align: justify;\">Por Julia Sanchez<\/p>\n<p><img decoding=\"async\" class=\"aligncenter lazyload\" data-src=\"https:\/\/articulandord.com\/wp-content\/uploads\/2022\/09\/9180a95e-a2f6-48c3-b4bc-47be8a7691d5.jpg\" width=\"766\" height=\"755\" src=\"data:image\/svg+xml;base64,PHN2ZyB3aWR0aD0iMSIgaGVpZ2h0PSIxIiB4bWxucz0iaHR0cDovL3d3dy53My5vcmcvMjAwMC9zdmciPjwvc3ZnPg==\" style=\"--smush-placeholder-width: 766px; --smush-placeholder-aspect-ratio: 766\/755;\" \/><\/p>\n<p style=\"text-align: justify;\">Con el objetivo de extender una mano solidaria a los m\u00e1s necesitados la dirigente comunitaria y presidente de la Fundaci\u00f3n FUNUM Norisbel Uceta y la regidora Adhamilka Espinal, hicieron entrega de \u00fatiles escolares a ni\u00f1os y ni\u00f1as del municipio Santo Domingo Oeste.<\/p>\n<p style=\"text-align: justify;\">Durante la entrega la presidenta de FUNUM Norisbel Uceta, dijo que esta organizaci\u00f3n nace con la idea de contribuir a un mundo mejor donde se busca rescatar los valores perdidos. Asimismo, destac\u00f3 que el principal objetivo de la entidad es gestionar recursos que ayuden a cubrir las necesidades b\u00e1sicas de las madres solteras y los n\u00facleos familiares.<\/p>\n<p style=\"text-align: justify;\">Uceta expres\u00f3 su satisfacci\u00f3n de poder extender una mano amiga a sectores de recursos limitados y agradeci\u00f3 a la regidora Adhamilka Espinal, quien aport\u00f3 para que fuera posible la entrega de estos \u00fatiles escolares.<\/p>\n<p style=\"text-align: justify;\">\n<p style=\"text-align: justify;\">Fuente: Articulando RD<\/p>\n","protected":false},"excerpt":{"rendered":"<p>Por Julia Sanchez Con el objetivo de extender una mano solidaria a los m\u00e1s necesitados<\/p>\n","protected":false},"author":2,"featured_media":0,"comment_status":"open","ping_status":"open","sticky":false,"template":"","format":"standard","meta":{"footnotes":""},"categories":[7],"tags":[],"class_list":["post-6204","post","type-post","status-publish","format-standard","hentry","category-nacionales"],"_links":{"self":[{"href":"https:\/\/defrentealaverdad.com\/index.php\/wp-json\/wp\/v2\/posts\/6204","targetHints":{"allow":["GET"]}}],"collection":[{"href":"https:\/\/defrentealaverdad.com\/index.php\/wp-json\/wp\/v2\/posts"}],"about":[{"href":"https:\/\/defrentealaverdad.com\/index.php\/wp-json\/wp\/v2\/types\/post"}],"author":[{"embeddable":true,"href":"https:\/\/defrentealaverdad.com\/index.php\/wp-json\/wp\/v2\/users\/2"}],"replies":[{"embeddable":true,"href":"https:\/\/defrentealaverdad.com\/index.php\/wp-json\/wp\/v2\/comments?post=6204"}],"version-history":[{"count":1,"href":"https:\/\/defrentealaverdad.com\/index.php\/wp-json\/wp\/v2\/posts\/6204\/revisions"}],"predecessor-version":[{"id":6205,"href":"https:\/\/defrentealaverdad.com\/index.php\/wp-json\/wp\/v2\/posts\/6204\/revisions\/6205"}],"wp:attachment":[{"href":"https:\/\/defrentealaverdad.com\/index.php\/wp-json\/wp\/v2\/media?parent=6204"}],"wp:term":[{"taxonomy":"category","embeddable":true,"href":"https:\/\/defrentealaverdad.com\/index.php\/wp-json\/wp\/v2\/categories?post=6204"},{"taxonomy":"post_tag","embeddable":true,"href":"https:\/\/defrentealaverdad.com\/index.php\/wp-json\/wp\/v2\/tags?post=6204"}],"curies":[{"name":"wp","href":"https:\/\/api.w.org\/{rel}","templated":true}]}}