{"id":6190,"date":"2023-08-22T02:25:12","date_gmt":"2023-08-22T02:25:12","guid":{"rendered":"https:\/\/defrentealaverdad.com\/?p=6190"},"modified":"2023-08-23T02:26:58","modified_gmt":"2023-08-23T02:26:58","slug":"celebran-cumbre-internacional-de-oracion-hacia-la-reconquista-de-nuestra-hispano-america","status":"publish","type":"post","link":"https:\/\/defrentealaverdad.com\/index.php\/2023\/08\/22\/celebran-cumbre-internacional-de-oracion-hacia-la-reconquista-de-nuestra-hispano-america\/","title":{"rendered":"Celebran Cumbre Internacional de Oraci\u00f3n \u201cHacia La Reconquista de Nuestra Hispano Am\u00e9rica\u201d"},"content":{"rendered":"<p style=\"text-align: justify;\">Por Julia Sanchez<\/p>\n<p><a href=\"https:\/\/evidenciasdigital.com\/2023\/08\/22\/celebran-cumbre-internacional-de-oracion-hacia-la-reconquista-de-nuestra-hispano-america\/panel\/\" rel=\"attachment wp-att-21268\"><img decoding=\"async\" class=\"wp-image-21268 td-animation-stack-type0-2 alignleft lazyload\" data-src=\"https:\/\/evidenciasdigital.com\/wp-content\/uploads\/2023\/08\/panel-300x162.jpg\" data-sizes=\"(max-width: 344px) 100vw, 344px\" data-srcset=\"https:\/\/evidenciasdigital.com\/wp-content\/uploads\/2023\/08\/panel-300x162.jpg 300w, https:\/\/evidenciasdigital.com\/wp-content\/uploads\/2023\/08\/panel-1024x552.jpg 1024w, https:\/\/evidenciasdigital.com\/wp-content\/uploads\/2023\/08\/panel-768x414.jpg 768w, https:\/\/evidenciasdigital.com\/wp-content\/uploads\/2023\/08\/panel-1536x828.jpg 1536w, https:\/\/evidenciasdigital.com\/wp-content\/uploads\/2023\/08\/panel-2048x1104.jpg 2048w, https:\/\/evidenciasdigital.com\/wp-content\/uploads\/2023\/08\/panel-779x420.jpg 779w, https:\/\/evidenciasdigital.com\/wp-content\/uploads\/2023\/08\/panel-640x345.jpg 640w, https:\/\/evidenciasdigital.com\/wp-content\/uploads\/2023\/08\/panel-681x367.jpg 681w\" alt=\"\" width=\"344\" height=\"186\" src=\"data:image\/svg+xml;base64,PHN2ZyB3aWR0aD0iMSIgaGVpZ2h0PSIxIiB4bWxucz0iaHR0cDovL3d3dy53My5vcmcvMjAwMC9zdmciPjwvc3ZnPg==\" style=\"--smush-placeholder-width: 344px; --smush-placeholder-aspect-ratio: 344\/186;\" \/><\/a><\/p>\n<p style=\"text-align: justify;\"><strong>SANTO DOMINGO, R.D<\/strong>.- A pesar de las inclemencias del tiempo por la amenaza de entrada al territorio dominicano de la Tormenta Franklin, inici\u00f3 esta ma\u00f1ana la Cumbre Internacional de Oraci\u00f3n por las Am\u00e9ricas, en el Centro Conferencial del Concilio Asambleas de Dios, ubicado en Santo Domingo Oeste.<\/p>\n<figure id=\"attachment_21265\" class=\"wp-caption alignright\" style=\"text-align: justify;\" aria-describedby=\"caption-attachment-21265\"><a href=\"https:\/\/evidenciasdigital.com\/2023\/08\/22\/celebran-cumbre-internacional-de-oracion-hacia-la-reconquista-de-nuestra-hispano-america\/algunos-de-los-asistentes-a-la-cumbre-este-martes-en-la-manana\/\" rel=\"attachment wp-att-21265\"><img decoding=\"async\" class=\"wp-image-21265 td-animation-stack-type0-2 lazyload\" data-src=\"https:\/\/evidenciasdigital.com\/wp-content\/uploads\/2023\/08\/Algunos-de-los-asistentes-a-la-cumbre-este-martes-en-la-manana-300x154.jpg\" data-sizes=\"(max-width: 356px) 100vw, 356px\" data-srcset=\"https:\/\/evidenciasdigital.com\/wp-content\/uploads\/2023\/08\/Algunos-de-los-asistentes-a-la-cumbre-este-martes-en-la-manana-300x154.jpg 300w, https:\/\/evidenciasdigital.com\/wp-content\/uploads\/2023\/08\/Algunos-de-los-asistentes-a-la-cumbre-este-martes-en-la-manana-1024x524.jpg 1024w, https:\/\/evidenciasdigital.com\/wp-content\/uploads\/2023\/08\/Algunos-de-los-asistentes-a-la-cumbre-este-martes-en-la-manana-768x393.jpg 768w, https:\/\/evidenciasdigital.com\/wp-content\/uploads\/2023\/08\/Algunos-de-los-asistentes-a-la-cumbre-este-martes-en-la-manana-1536x786.jpg 1536w, https:\/\/evidenciasdigital.com\/wp-content\/uploads\/2023\/08\/Algunos-de-los-asistentes-a-la-cumbre-este-martes-en-la-manana-2048x1048.jpg 2048w, https:\/\/evidenciasdigital.com\/wp-content\/uploads\/2023\/08\/Algunos-de-los-asistentes-a-la-cumbre-este-martes-en-la-manana-821x420.jpg 821w, https:\/\/evidenciasdigital.com\/wp-content\/uploads\/2023\/08\/Algunos-de-los-asistentes-a-la-cumbre-este-martes-en-la-manana-640x327.jpg 640w, https:\/\/evidenciasdigital.com\/wp-content\/uploads\/2023\/08\/Algunos-de-los-asistentes-a-la-cumbre-este-martes-en-la-manana-681x348.jpg 681w\" alt=\"\" width=\"356\" height=\"183\" src=\"data:image\/svg+xml;base64,PHN2ZyB3aWR0aD0iMSIgaGVpZ2h0PSIxIiB4bWxucz0iaHR0cDovL3d3dy53My5vcmcvMjAwMC9zdmciPjwvc3ZnPg==\" style=\"--smush-placeholder-width: 356px; --smush-placeholder-aspect-ratio: 356\/183;\" \/><\/a><figcaption id=\"caption-attachment-21265\" class=\"wp-caption-text\"><\/figcaption><\/figure>\n<p style=\"text-align: justify;\">A esta convocatoria se han dado cita lideres cristianos y hermanos en general provenientes de unos trece pa\u00edses como Honduras, El Salvador, Venezuela, Puerto Rico, Estados Unidos, Brasil y de Rep\u00fablica Dominicana como pa\u00eds anfitri\u00f3n.<\/p>\n<div class=\"td-a-rec td-a-rec-id-content_inline  td_uid_2_64e54adb487aa_rand td_block_template_1\" style=\"text-align: justify;\">\n<div id=\"evide-896284878\">\n<div id=\"evide-916619019\">El programa de este encuentro que se prolongar\u00e1 hasta el viernes 25 incluye ponencias, conferencias, tours de oraci\u00f3n, grupos de trabajos, talleres y tiempos de clamor por las naciones. Los disertantes son el Ap\u00f3stol Roy Santos, procedente de Honduras presidente del Consejo de Oraci\u00f3n de Am\u00e9rica (COA), Jorge Plourde de Rep\u00fablica Dominicana, Carol Santos y Mar\u00eda Lanza de Honduras.<\/div>\n<\/div>\n<\/div>\n<p style=\"text-align: justify;\">Adem\u00e1s, el obispo David Infante y Moyce Polanco de los Estados Unidos, Israel G\u00f3mez de Puerto Rico, Marta Quiroga de Per\u00fa, Mauricio Navas de El Salvador, Orley Torres de Ecuador, Jos\u00e9 M\u00e9ndez de Puerto Rico, Cida Nicolau de Brasil, Oscar Reyes de Venezuela.<\/p>\n<p style=\"text-align: justify;\">Los temas tratados son: visi\u00f3n ola de viento &amp; fuego \u2013 liderazgo de la iglesia frente a la nueva geopol\u00edtica mundial, visi\u00f3n ni\u00f1os a una voz \u00bfqu\u00e9 es?, cambiando de sonido para cambiar de direcci\u00f3n, actitud de reino, altar de oraci\u00f3n personal, oraci\u00f3n sin interlocutor, volvamos a las sendas antiguas, regresemos a pentecost\u00e9s, la persona de oraci\u00f3n se crece en medio de la dificultad, la iglesia y los avances tecnol\u00f3gicos actuales, que es una intercesi\u00f3n prof\u00e9tica y el levantar de los centinelas de la naci\u00f3n.<\/p>\n<p style=\"text-align: justify;\">Dicha cumbre es organizada por el Altar Nacional de Oraci\u00f3n de la Rep\u00fablica Dominicana, La Coalici\u00f3n de Oraci\u00f3n de la Am\u00e9ricas (COA), Consejo de Oraci\u00f3n por Am\u00e9rica y la Coalici\u00f3n Ni\u00f1os a Una Voz, entidades que mantienen redes de oraci\u00f3n 24 horas presencial y en plataformas online.\u00a0Se realiza en horarios de ma\u00f1ana, tarde y noche.<\/p>\n<div id=\"evide-33474128\" class=\"evide-despues-del-contenido\">\n<div class=\"evide-adlabel\" style=\"text-align: justify;\">Fuente: Prensa COA<\/div>\n<\/div>\n","protected":false},"excerpt":{"rendered":"<p>Por Julia Sanchez SANTO DOMINGO, R.D.- A pesar de las inclemencias del tiempo por la<\/p>\n","protected":false},"author":1,"featured_media":0,"comment_status":"open","ping_status":"open","sticky":false,"template":"","format":"standard","meta":{"footnotes":""},"categories":[16],"tags":[],"class_list":["post-6190","post","type-post","status-publish","format-standard","hentry","category-internacionales"],"_links":{"self":[{"href":"https:\/\/defrentealaverdad.com\/index.php\/wp-json\/wp\/v2\/posts\/6190","targetHints":{"allow":["GET"]}}],"collection":[{"href":"https:\/\/defrentealaverdad.com\/index.php\/wp-json\/wp\/v2\/posts"}],"about":[{"href":"https:\/\/defrentealaverdad.com\/index.php\/wp-json\/wp\/v2\/types\/post"}],"author":[{"embeddable":true,"href":"https:\/\/defrentealaverdad.com\/index.php\/wp-json\/wp\/v2\/users\/1"}],"replies":[{"embeddable":true,"href":"https:\/\/defrentealaverdad.com\/index.php\/wp-json\/wp\/v2\/comments?post=6190"}],"version-history":[{"count":1,"href":"https:\/\/defrentealaverdad.com\/index.php\/wp-json\/wp\/v2\/posts\/6190\/revisions"}],"predecessor-version":[{"id":6191,"href":"https:\/\/defrentealaverdad.com\/index.php\/wp-json\/wp\/v2\/posts\/6190\/revisions\/6191"}],"wp:attachment":[{"href":"https:\/\/defrentealaverdad.com\/index.php\/wp-json\/wp\/v2\/media?parent=6190"}],"wp:term":[{"taxonomy":"category","embeddable":true,"href":"https:\/\/defrentealaverdad.com\/index.php\/wp-json\/wp\/v2\/categories?post=6190"},{"taxonomy":"post_tag","embeddable":true,"href":"https:\/\/defrentealaverdad.com\/index.php\/wp-json\/wp\/v2\/tags?post=6190"}],"curies":[{"name":"wp","href":"https:\/\/api.w.org\/{rel}","templated":true}]}}