{"id":6184,"date":"2023-08-23T02:14:30","date_gmt":"2023-08-23T02:14:30","guid":{"rendered":"https:\/\/defrentealaverdad.com\/?p=6184"},"modified":"2023-08-23T02:14:30","modified_gmt":"2023-08-23T02:14:30","slug":"diputada-betty-geronimo-activa-plan-de-contingencia-ante-el-paso-de-la-tormenta-franklin","status":"publish","type":"post","link":"https:\/\/defrentealaverdad.com\/index.php\/2023\/08\/23\/diputada-betty-geronimo-activa-plan-de-contingencia-ante-el-paso-de-la-tormenta-franklin\/","title":{"rendered":"Diputada Betty Ger\u00f3nimo activa plan de contingencia ante el paso de la tormenta Franklin"},"content":{"rendered":"<p style=\"text-align: justify;\">Santo Domingo.SN \u2013 La actual diputada y aspirante a alcaldesa por el municipio Santo Domingo Norte, Betty Ger\u00f3nimo en conjunto con representantes del Partido de gobierno activaron sus planes de contingencia con la finalidad de prevenir y reducir el impacto de los efectos negativos que pudieran presentarse ante el paso de la tormenta Franklin.<\/p>\n<p style=\"text-align: justify;\"><img decoding=\"async\" class=\"alignright lazyload\" data-src=\"https:\/\/blogger.googleusercontent.com\/img\/b\/R29vZ2xl\/AVvXsEg9TwtQe_x6RAJed1dlW2D-Lu9JYKzmdQFxyfMCNaX_6tAK7-GgbTtzjaDF0AL7WHTMQxutmBmo97Dz7VBxF0cC6tT80huvYxzwFYusZzXPk757G1Q4oNxtgv-QCCR-B6NWUq-ZtQDumdMiO1_peiY7KB8unQH49CUgryuUTTxtymWdqIOU_rhs3XTUezg\/s320\/IMG-20230822-WA0898.jpg\" alt=\"IMG-20230822-WA0898\" src=\"data:image\/svg+xml;base64,PHN2ZyB3aWR0aD0iMSIgaGVpZ2h0PSIxIiB4bWxucz0iaHR0cDovL3d3dy53My5vcmcvMjAwMC9zdmciPjwvc3ZnPg==\" \/><\/p>\n<p style=\"text-align: justify;\">Esos planes de contingencia de la diputada tienen el prop\u00f3sito de preservar la vida de los ciudadanos que viven en el\u00a0 municipio Santo Domingo Norte y zonas vulnerables, as\u00ed como velar por que los efectos de la tormenta sean m\u00ednimos.<\/p>\n<p style=\"text-align: justify;\">La legisladora adem\u00e1s explic\u00f3 que pusieron a disposici\u00f3n de los organismos de socorro, las herramientas necesarias para combatir el impacto negativo.<\/p>\n<p style=\"text-align: justify;\">\u201cAnte el inminente paso de la tormenta Franklin estamos poniendo a disposici\u00f3n de los organismos de socorro nuestro equipo municipal y corporativo a los fines de que sirvan como soporte para estar al pendiente sobre\u00a0 las medidas preventivas y obligatorias en las provincias con mayor nivel de alerta, que emitan el organismo de socorro\u201d dijo.<\/p>\n<p style=\"text-align: justify;\">En el marco de la rueda de prensa, estuvo, el director de la Direcci\u00f3n Municipal de la Defensa Civil de Santo Domingo Norte, Miguel Marte,\u00a0 Cruz roja, Mar\u00eda de la Rosa Bomberos, Candelario villar,\u00a0 Diputado Alex Lara,Virgilio Meran,Oliver Rijo, Isidro Torres, , tomas obispo Ogando, Pablo Silva , Carlos Padilla , Sim\u00f3n Candelario para poner en marcha en el marco de la jornada preventiva que puso en marcha esa instituci\u00f3n ante el paso de la tormenta Franklin.<\/p>\n<p style=\"text-align: justify;\">La\u00a0 legisladora explic\u00f3 que Santo Domingo Norte ha sido impactado por las lluvias que se han producido en las \u00faltimas horas y por ello \u201ces tan importante ir en auxilio de la Defensa Civil de SDN y sobre todo, en protecci\u00f3n de sus miembros para que puedan realizar un trabajo efectivo y garantizar a su vez la vida de los mun\u00edcipes de esta demarcaci\u00f3n\u201d.<\/p>\n<p style=\"text-align: justify;\">\n<p style=\"text-align: justify;\">Fuente: El Faro RD<\/p>\n","protected":false},"excerpt":{"rendered":"<p>Santo Domingo.SN \u2013 La actual diputada y aspirante a alcaldesa por el municipio Santo Domingo<\/p>\n","protected":false},"author":1,"featured_media":0,"comment_status":"open","ping_status":"open","sticky":false,"template":"","format":"standard","meta":{"footnotes":""},"categories":[7],"tags":[],"class_list":["post-6184","post","type-post","status-publish","format-standard","hentry","category-nacionales"],"_links":{"self":[{"href":"https:\/\/defrentealaverdad.com\/index.php\/wp-json\/wp\/v2\/posts\/6184","targetHints":{"allow":["GET"]}}],"collection":[{"href":"https:\/\/defrentealaverdad.com\/index.php\/wp-json\/wp\/v2\/posts"}],"about":[{"href":"https:\/\/defrentealaverdad.com\/index.php\/wp-json\/wp\/v2\/types\/post"}],"author":[{"embeddable":true,"href":"https:\/\/defrentealaverdad.com\/index.php\/wp-json\/wp\/v2\/users\/1"}],"replies":[{"embeddable":true,"href":"https:\/\/defrentealaverdad.com\/index.php\/wp-json\/wp\/v2\/comments?post=6184"}],"version-history":[{"count":1,"href":"https:\/\/defrentealaverdad.com\/index.php\/wp-json\/wp\/v2\/posts\/6184\/revisions"}],"predecessor-version":[{"id":6185,"href":"https:\/\/defrentealaverdad.com\/index.php\/wp-json\/wp\/v2\/posts\/6184\/revisions\/6185"}],"wp:attachment":[{"href":"https:\/\/defrentealaverdad.com\/index.php\/wp-json\/wp\/v2\/media?parent=6184"}],"wp:term":[{"taxonomy":"category","embeddable":true,"href":"https:\/\/defrentealaverdad.com\/index.php\/wp-json\/wp\/v2\/categories?post=6184"},{"taxonomy":"post_tag","embeddable":true,"href":"https:\/\/defrentealaverdad.com\/index.php\/wp-json\/wp\/v2\/tags?post=6184"}],"curies":[{"name":"wp","href":"https:\/\/api.w.org\/{rel}","templated":true}]}}