{"id":6180,"date":"2023-08-21T02:08:28","date_gmt":"2023-08-21T02:08:28","guid":{"rendered":"https:\/\/defrentealaverdad.com\/?p=6180"},"modified":"2023-08-23T02:12:36","modified_gmt":"2023-08-23T02:12:36","slug":"declaran-no-laborable-parte-del-martes-y-miercoles-en-rd","status":"publish","type":"post","link":"https:\/\/defrentealaverdad.com\/index.php\/2023\/08\/21\/declaran-no-laborable-parte-del-martes-y-miercoles-en-rd\/","title":{"rendered":"Declaran No laborable parte del martes y mi\u00e9rcoles en RD"},"content":{"rendered":"<p style=\"text-align: justify;\">Por Mirla Hernandez<\/p>\n<p><img decoding=\"async\" class=\"size-medium wp-image-6181 alignleft lazyload\" data-src=\"https:\/\/defrentealaverdad.com\/wp-content\/uploads\/2023\/08\/IMG-20230821-WA0069-300x200.jpg\" alt=\"\" width=\"300\" height=\"200\" data-srcset=\"https:\/\/defrentealaverdad.com\/wp-content\/uploads\/2023\/08\/IMG-20230821-WA0069-300x200.jpg 300w, https:\/\/defrentealaverdad.com\/wp-content\/uploads\/2023\/08\/IMG-20230821-WA0069-1024x682.jpg 1024w, https:\/\/defrentealaverdad.com\/wp-content\/uploads\/2023\/08\/IMG-20230821-WA0069-768x512.jpg 768w, https:\/\/defrentealaverdad.com\/wp-content\/uploads\/2023\/08\/IMG-20230821-WA0069-1536x1023.jpg 1536w, https:\/\/defrentealaverdad.com\/wp-content\/uploads\/2023\/08\/IMG-20230821-WA0069.jpg 1600w\" data-sizes=\"(max-width: 300px) 100vw, 300px\" src=\"data:image\/svg+xml;base64,PHN2ZyB3aWR0aD0iMSIgaGVpZ2h0PSIxIiB4bWxucz0iaHR0cDovL3d3dy53My5vcmcvMjAwMC9zdmciPjwvc3ZnPg==\" style=\"--smush-placeholder-width: 300px; --smush-placeholder-aspect-ratio: 300\/200;\" \/><\/p>\n<p style=\"text-align: justify;\">Santo Domingo, Rep\u00fablica Dominicana. \u2013 El presidente Luis Abinader, junto a la vicepresidenta Raquel Pe\u00f1a, encabez\u00f3 una reuni\u00f3n con todos los organismos de emergencia, tras la cual se anuncia a la poblaci\u00f3n la toma de medidas preventivas para salvaguardar vidas y mitigar los efectos negativos que pueda causar el paso de la tormenta tropical Franklin.<\/p>\n<p style=\"text-align: justify;\">El fen\u00f3meno atmosf\u00e9rico estar\u00eda atravesando el territorio nacional entre la noche del martes y la madrugada del mi\u00e9rcoles, manteniendo, hasta el momento, todo el territorio nacional bajo alerta roja y amarilla.<\/p>\n<p style=\"text-align: justify;\">Ante el paso inminente de la tormenta, el ministro de Trabajo, Luis Miguel De Camps, inform\u00f3 que se declara como no laborable el martes 22 de agosto a partir del mediod\u00eda y el mi\u00e9rcoles 23. Adem\u00e1s, se recomienda a los empleadores tomar las medidas necesarias para cumplir con las disposiciones del gobierno.<\/p>\n<p style=\"text-align: justify;\">El general retirado y director del COE, Juan Manuel M\u00e9ndez, indic\u00f3 que se dispuso el posicionamiento de equipos en lugares en los que por tradici\u00f3n ocurren inundaciones y la activaci\u00f3n de planes de contingencia de las instituciones y organismos de primera respuesta como el Plan Rel\u00e1mpago de las Fuerzas Armadas, as\u00ed como la Polic\u00eda Nacional, el Cuerpo de Bomberos, la Defensa Civil, la Cruz Roja, Comedores Econ\u00f3micos y el Plan Social de la Presidencia.<\/p>\n<p style=\"text-align: justify;\">A estas dos \u00faltimas instituciones se les instruye por igual la asistencia a la poblaci\u00f3n que pueda resultar afectada por el paso de la tormenta tropical Franklin.<\/p>\n<p style=\"text-align: justify;\">En tanto que la directora de la Onamet, Gloria Ceballos, manifest\u00f3 que pudieran producirse acumulados de lluvia de entre 100 y 200 mil\u00edmetros, y de hasta 375 mil\u00edmetros en puntos aislados.<\/p>\n<p style=\"text-align: justify;\">Hasta el momento, la tormenta se encuentra a unos 400 kil\u00f3metros al sur-suroeste de Santo Domingo y mantiene un movimiento lento de 7km\/h con vientos de hasta 85km\/h.<\/p>\n<p style=\"text-align: justify;\"><strong>M\u00e1s medidas preventivas<\/strong>:<\/p>\n<p style=\"text-align: justify;\">De su lado, el vocero y director de Estrategia y Comunicaci\u00f3n de la Presidencia, Homero Figueroa, inform\u00f3 que las presas est\u00e1n en condici\u00f3n de recibir todas las precipitaciones que se proyectan por este fen\u00f3meno debido a los niveles bajos dejados por la sequ\u00eda. En cuanto al sector el\u00e9ctrico, agreg\u00f3 que las empresas distribuidoras ya empezaron los trabajos preventivos para cuidar los efectos de las r\u00e1fagas sobre el tendido el\u00e9ctrico.<\/p>\n<p style=\"text-align: justify;\">Mientras que el Ministerio de Obras P\u00fablicas ha dispuesto el despliegue de brigadas, conformadas por unas 3,000 personas, en las 14 provincias que se encuentran en alerta roja.<\/p>\n<p style=\"text-align: justify;\"><img decoding=\"async\" class=\"size-medium wp-image-6182 alignright lazyload\" data-src=\"https:\/\/defrentealaverdad.com\/wp-content\/uploads\/2023\/08\/IMG-20230820-WA0032-224x300.jpg\" alt=\"\" width=\"224\" height=\"300\" data-srcset=\"https:\/\/defrentealaverdad.com\/wp-content\/uploads\/2023\/08\/IMG-20230820-WA0032-224x300.jpg 224w, https:\/\/defrentealaverdad.com\/wp-content\/uploads\/2023\/08\/IMG-20230820-WA0032-764x1024.jpg 764w, https:\/\/defrentealaverdad.com\/wp-content\/uploads\/2023\/08\/IMG-20230820-WA0032-768x1029.jpg 768w, https:\/\/defrentealaverdad.com\/wp-content\/uploads\/2023\/08\/IMG-20230820-WA0032-450x600.jpg 450w, https:\/\/defrentealaverdad.com\/wp-content\/uploads\/2023\/08\/IMG-20230820-WA0032.jpg 780w\" data-sizes=\"(max-width: 224px) 100vw, 224px\" src=\"data:image\/svg+xml;base64,PHN2ZyB3aWR0aD0iMSIgaGVpZ2h0PSIxIiB4bWxucz0iaHR0cDovL3d3dy53My5vcmcvMjAwMC9zdmciPjwvc3ZnPg==\" style=\"--smush-placeholder-width: 224px; --smush-placeholder-aspect-ratio: 224\/300;\" \/><\/p>\n<p style=\"text-align: justify;\">Las provincias en alerta roja son: Santo Domingo, Distrito Nacional, San Crist\u00f3bal, Peravia, Barahona, San Juan, Independencia, San Pedro de Macor\u00eds, La Romana, San Jos\u00e9 de Ocoa, Azua, Pedernales, Bahoruco y El\u00edas Pi\u00f1a. En alerta amarilla est\u00e1n Puerto Plata, Duarte, Hato Mayor, El Seibo, Mar\u00eda Trinidad S\u00e1nchez, Monte Plata, La Altagracia, La Vega, Santiago Rodr\u00edguez, Dajab\u00f3n, Montecristi, Hermanas Mirabal, Espaillat, Saman\u00e1, Monse\u00f1or Nouel, Santiago, S\u00e1nchez Ram\u00edrez, Valverde.<\/p>\n<p style=\"text-align: justify;\">Entre los ministros presentes estaban, de Defensa, Carlos Luciano D\u00edaz Morfa, Administrativo de la Presidencia; Jos\u00e9 Ignacio Paliza, de la Presidencia; Joel Santos; de Salud, Daniel Rivera; de Hacienda, Jochy Vicente; de la Vivienda, Carlos Bonilla; el senador Eduardo Estrella, entre otros.<\/p>\n<p style=\"text-align: justify;\"><strong>Entrada tropical Franklin<\/strong><\/p>\n<p style=\"text-align: justify;\">Se declara como no laborable el martes 22 de agosto a partir de las 12 del mediod\u00eda hasta las 8:00 de la ma\u00f1ana del jueves 24 de agosto de 2023<\/p>\n<p style=\"text-align: justify;\">Santo Domingo, Rep\u00fablica Dominicana. \u2013 El presidente Luis Abinader, junto a la vicepresidenta Raquel Pe\u00f1a, encabez\u00f3 una reuni\u00f3n con todos los organismos de emergencia, tras la cual se anuncia a la poblaci\u00f3n la toma de medidas preventivas para salvaguardar vidas y mitigar los efectos negativos que pueda causar el paso de la tormenta tropical Franklin.<\/p>\n<p style=\"text-align: justify;\">El fen\u00f3meno atmosf\u00e9rico estar\u00eda atravesando el territorio nacional entre la noche del martes y la madrugada del mi\u00e9rcoles, manteniendo, hasta el momento, todo el territorio nacional bajo alerta roja y amarilla.<\/p>\n<p style=\"text-align: justify;\">Ante el paso inminente de la tormenta, el ministro de Trabajo, Luis Miguel De Camps, inform\u00f3 que se declara como no laborable el martes 22 de agosto a partir del mediod\u00eda y el mi\u00e9rcoles 23.<\/p>\n<p style=\"text-align: justify;\">Adem\u00e1s, se recomienda a los empleadores tomar las medidas necesarias para cumplir con las disposiciones del gobierno.<\/p>\n<p style=\"text-align: justify;\">El general retirado y director del COE, Juan Manuel M\u00e9ndez, indic\u00f3 que se dispuso el posicionamiento de equipos en lugares en los que por tradici\u00f3n ocurren inundaciones y la activaci\u00f3n de planes de contingencia de las instituciones y organismos de primera respuesta como el Plan Rel\u00e1mpago de las Fuerzas Armadas, as\u00ed como la Polic\u00eda Nacional, el Cuerpo de Bomberos, la Defensa Civil, la Cruz Roja, Comedores Econ\u00f3micos y el Plan Social de la Presidencia.<\/p>\n<p style=\"text-align: justify;\">A estas dos \u00faltimas instituciones se les instruye por igual la asistencia a la poblaci\u00f3n que pueda resultar afectada por el paso de la tormenta tropical Franklin.<\/p>\n<p style=\"text-align: justify;\">En tanto que la directora de la Onamet, Gloria Ceballos, manifest\u00f3 que pudieran producirse acumulados de lluvia de entre 100 y 200 mil\u00edmetros, y de hasta 375 mil\u00edmetros en puntos aislados.<\/p>\n<p style=\"text-align: justify;\">Hasta el momento, la tormenta se encuentra a unos 400 kil\u00f3metros al sur-suroeste de Santo Domingo y mantiene un movimiento lento de 7km\/h con vientos de hasta 85km\/h.<\/p>\n<p style=\"text-align: justify;\"><strong>M\u00e1s medidas preventivas<\/strong><\/p>\n<p style=\"text-align: justify;\">De su lado, el vocero y director de Estrategia y Comunicaci\u00f3n de la Presidencia, Homero Figueroa, inform\u00f3 que las presas est\u00e1n en condici\u00f3n de recibir todas las precipitaciones que se proyectan por este fen\u00f3meno debido a los niveles bajos dejados por la sequ\u00eda. En cuanto al sector el\u00e9ctrico, agreg\u00f3 que las empresas distribuidoras ya empezaron los trabajos preventivos para cuidar los efectos de las r\u00e1fagas sobre el tendido el\u00e9ctrico.<\/p>\n<p style=\"text-align: justify;\">Mientras que el Ministerio de Obras P\u00fablicas ha dispuesto el despliegue de brigadas, conformadas por unas 3,000 personas, en las 14 provincias que se encuentran en alerta roja.<\/p>\n<p style=\"text-align: justify;\"><strong><em>Provincias bajo alerta roja y amarilla<\/em><\/strong><\/p>\n<p style=\"text-align: justify;\">Las provincias en alerta roja son: Santo Domingo, Distrito Nacional, San Crist\u00f3bal, Peravia, Barahona, San Juan, Independencia, San Pedro de Macor\u00eds, La Romana, San Jos\u00e9 de Ocoa, Azua, Pedernales, Bahoruco y El\u00edas Pi\u00f1a.<\/p>\n<p style=\"text-align: justify;\">En alerta amarilla est\u00e1n Puerto Plata, Duarte, Hato Mayor, El Seibo, Mar\u00eda Trinidad S\u00e1nchez, Monte Plata, La Altagracia, La Vega, Santiago Rodr\u00edguez, Dajab\u00f3n, Montecristi, Hermanas Mirabal, Espaillat, Saman\u00e1, Monse\u00f1or Nouel, Santiago, S\u00e1nchez Ram\u00edrez, Valverde.<\/p>\n<p style=\"text-align: justify;\">Entre los ministros presentes estaban, de Defensa, Carlos Luciano D\u00edaz Morfa, Administrativo de la Presidencia; Jos\u00e9 Ignacio Paliza, de la Presidencia; Joel Santos; de Salud, Daniel Rivera; de Hacienda, Jochy Vicente; de la Vivienda, Carlos Bonilla; el senador Eduardo Estrella, entre otros.<\/p>\n<p>&nbsp;<\/p>\n<p>Fuente: Presidencia RD<\/p>\n","protected":false},"excerpt":{"rendered":"<p>Por Mirla Hernandez Santo Domingo, Rep\u00fablica Dominicana. \u2013 El presidente Luis Abinader, junto a la<\/p>\n","protected":false},"author":4,"featured_media":0,"comment_status":"open","ping_status":"open","sticky":false,"template":"","format":"standard","meta":{"footnotes":""},"categories":[229,7],"tags":[],"class_list":["post-6180","post","type-post","status-publish","format-standard","hentry","category-clima","category-nacionales"],"_links":{"self":[{"href":"https:\/\/defrentealaverdad.com\/index.php\/wp-json\/wp\/v2\/posts\/6180","targetHints":{"allow":["GET"]}}],"collection":[{"href":"https:\/\/defrentealaverdad.com\/index.php\/wp-json\/wp\/v2\/posts"}],"about":[{"href":"https:\/\/defrentealaverdad.com\/index.php\/wp-json\/wp\/v2\/types\/post"}],"author":[{"embeddable":true,"href":"https:\/\/defrentealaverdad.com\/index.php\/wp-json\/wp\/v2\/users\/4"}],"replies":[{"embeddable":true,"href":"https:\/\/defrentealaverdad.com\/index.php\/wp-json\/wp\/v2\/comments?post=6180"}],"version-history":[{"count":1,"href":"https:\/\/defrentealaverdad.com\/index.php\/wp-json\/wp\/v2\/posts\/6180\/revisions"}],"predecessor-version":[{"id":6183,"href":"https:\/\/defrentealaverdad.com\/index.php\/wp-json\/wp\/v2\/posts\/6180\/revisions\/6183"}],"wp:attachment":[{"href":"https:\/\/defrentealaverdad.com\/index.php\/wp-json\/wp\/v2\/media?parent=6180"}],"wp:term":[{"taxonomy":"category","embeddable":true,"href":"https:\/\/defrentealaverdad.com\/index.php\/wp-json\/wp\/v2\/categories?post=6180"},{"taxonomy":"post_tag","embeddable":true,"href":"https:\/\/defrentealaverdad.com\/index.php\/wp-json\/wp\/v2\/tags?post=6180"}],"curies":[{"name":"wp","href":"https:\/\/api.w.org\/{rel}","templated":true}]}}