{"id":6175,"date":"2023-08-23T02:06:06","date_gmt":"2023-08-23T02:06:06","guid":{"rendered":"https:\/\/defrentealaverdad.com\/?p=6175"},"modified":"2023-08-23T02:06:06","modified_gmt":"2023-08-23T02:06:06","slug":"comite-de-prevencion-del-adn-pasa-balance-a-operativo-por-paso-de-tormenta-franklin","status":"publish","type":"post","link":"https:\/\/defrentealaverdad.com\/index.php\/2023\/08\/23\/comite-de-prevencion-del-adn-pasa-balance-a-operativo-por-paso-de-tormenta-franklin\/","title":{"rendered":"Comit\u00e9 de Prevenci\u00f3n del ADN pasa balance a operativo por paso de tormenta Franklin"},"content":{"rendered":"<p style=\"text-align: justify;\"><img decoding=\"async\" class=\"alignright lazyload\" data-src=\"https:\/\/blogger.googleusercontent.com\/img\/b\/R29vZ2xl\/AVvXsEi9C19PqWQYoQu3nvdX8SN_EbZAFlWL1lRIyU00bLUKpPM9y_EMd2sYACBZFPEfJ1YlRUOEF4Sw3hGgH46rIAQe7Pq-PS66bGeI8wMuUeUQ-DSpkm8G5s1d1ZrM9nHUh3CM_MhLYxDboAVF2ZNeSFZuAC-8ozPVNNQgUXzY-EuJjbWOE-43jcnMElHYrFc\/s320\/IMG-20230822-WA0942.jpg\" alt=\"IMG-20230822-WA0942\" src=\"data:image\/svg+xml;base64,PHN2ZyB3aWR0aD0iMSIgaGVpZ2h0PSIxIiB4bWxucz0iaHR0cDovL3d3dy53My5vcmcvMjAwMC9zdmciPjwvc3ZnPg==\" \/>SANTO DOMINGO: La Alcaldesa del Distrito Nacional, Carolina Mej\u00eda, encabez\u00f3 la tarde de este martes una reuni\u00f3n de seguimiento a los trabajos del Comit\u00e9 de Prevenci\u00f3n, Mitigaci\u00f3n y Respuesta ante Desastres del Distrito Nacional, activado ante el inminente paso de la tormenta Franklin por el territorio dominicano.<\/p>\n<p style=\"text-align: justify;\">Durante una rueda de prensa, Mej\u00eda explic\u00f3 que en los recorridos realizados por sectores vulnerables del Distrito Nacional le acompa\u00f1an miembros de entidades como la Defensa Civil y el Cuerpo de Bomberos, con la intenci\u00f3n de poder canalizar cualquier situaci\u00f3n encontrada en lo inmediato.<\/p>\n<p style=\"text-align: justify;\">En el d\u00eda de hoy haremos un recorrido por la ciudad, por el per\u00edmetro del Distrito Nacional para poder verificar las condiciones en las que est\u00e1 nuestra gente, como ya hab\u00eda dicho anteriormente y tomando la previsi\u00f3n de que si hay alguna comunidad que est\u00e1 en riesgo ya definido, pues que las dem\u00e1s instituciones nos colaboren\u201d, resalt\u00f3 Carolina Mej\u00eda.<\/p>\n<p>Fuente: ADN<\/p>\n","protected":false},"excerpt":{"rendered":"<p>SANTO DOMINGO: La Alcaldesa del Distrito Nacional, Carolina Mej\u00eda, encabez\u00f3 la tarde de este martes<\/p>\n","protected":false},"author":1,"featured_media":0,"comment_status":"open","ping_status":"open","sticky":false,"template":"","format":"standard","meta":{"footnotes":""},"categories":[7],"tags":[],"class_list":["post-6175","post","type-post","status-publish","format-standard","hentry","category-nacionales"],"_links":{"self":[{"href":"https:\/\/defrentealaverdad.com\/index.php\/wp-json\/wp\/v2\/posts\/6175","targetHints":{"allow":["GET"]}}],"collection":[{"href":"https:\/\/defrentealaverdad.com\/index.php\/wp-json\/wp\/v2\/posts"}],"about":[{"href":"https:\/\/defrentealaverdad.com\/index.php\/wp-json\/wp\/v2\/types\/post"}],"author":[{"embeddable":true,"href":"https:\/\/defrentealaverdad.com\/index.php\/wp-json\/wp\/v2\/users\/1"}],"replies":[{"embeddable":true,"href":"https:\/\/defrentealaverdad.com\/index.php\/wp-json\/wp\/v2\/comments?post=6175"}],"version-history":[{"count":1,"href":"https:\/\/defrentealaverdad.com\/index.php\/wp-json\/wp\/v2\/posts\/6175\/revisions"}],"predecessor-version":[{"id":6176,"href":"https:\/\/defrentealaverdad.com\/index.php\/wp-json\/wp\/v2\/posts\/6175\/revisions\/6176"}],"wp:attachment":[{"href":"https:\/\/defrentealaverdad.com\/index.php\/wp-json\/wp\/v2\/media?parent=6175"}],"wp:term":[{"taxonomy":"category","embeddable":true,"href":"https:\/\/defrentealaverdad.com\/index.php\/wp-json\/wp\/v2\/categories?post=6175"},{"taxonomy":"post_tag","embeddable":true,"href":"https:\/\/defrentealaverdad.com\/index.php\/wp-json\/wp\/v2\/tags?post=6175"}],"curies":[{"name":"wp","href":"https:\/\/api.w.org\/{rel}","templated":true}]}}