{"id":6160,"date":"2023-08-19T20:17:45","date_gmt":"2023-08-19T20:17:45","guid":{"rendered":"https:\/\/defrentealaverdad.com\/?p=6160"},"modified":"2023-08-19T20:17:45","modified_gmt":"2023-08-19T20:17:45","slug":"la-heredera-del-trono-en-espana-aparece-en-sus-primeras-imagenes-vestida-de-militar","status":"publish","type":"post","link":"https:\/\/defrentealaverdad.com\/index.php\/2023\/08\/19\/la-heredera-del-trono-en-espana-aparece-en-sus-primeras-imagenes-vestida-de-militar\/","title":{"rendered":"La heredera del trono en Espa\u00f1a aparece en sus primeras im\u00e1genes vestida de militar"},"content":{"rendered":"<p style=\"text-align: justify;\"><img decoding=\"async\" class=\"aligncenter\" src=\"https:\/\/pbs.twimg.com\/media\/F31CryoWMAACYNQ?format=jpg&amp;name=4096x4096\" alt=\"Image\" \/><br \/>\nLa Casa Real ha dado a conocer las primeras im\u00e1genes de la Princesa de Asturias vestida con el uniforme militar tras su ingreso en la Academia General Militar (AGM) de Zaragoza.\u00a0<strong>Las fotograf\u00edas corresponden a la primera jornada de formaci\u00f3n que ha vivido en este centro de la capital aragonesa,\u00a0<\/strong>donde entr\u00f3 el pasado jueves como un cadete m\u00e1s de los 612 que integran esta LXXXIII promoci\u00f3n. Lo hizo acompa\u00f1ada de la Familia Real al completo, comandada por el rey Felipe VI y arropada por la Reina Letizia y la infanta Sof\u00eda.<\/p>\n<p>Las instant\u00e1neas muestran como est\u00e1 siendo la vida castrense de Leonor de Borb\u00f3n y Ortiz.\u00a0<strong>La Princesa viste uniforme de campa\u00f1a y lleva en el pecho bordados sus apellidos \u00abBorb\u00f3n Ortiz\u00bb.<\/strong><\/p>\n<p>En varias de fotos se la puede ver<strong>\u00a0<\/strong>colocada\u00a0<strong>en posici\u00f3n de formaci\u00f3n en el patio de la Academia junto a varios de sus compa\u00f1eros de promoci\u00f3n<\/strong>, que suman m\u00e1s de 600, de los que 140 son mujeres. Otra de las im\u00e1genes muestra a la dama cadete manipulando una cantimplora. La Princesa tambi\u00e9n aparece en varias fotos sentada y tomando notas en una de las primeras clases a las que ha asistido para su instrucci\u00f3n militar.<\/p>\n<p class=\"article-body__text \">A su llegada el jueves al centro de formaci\u00f3n del Ej\u00e9rcito de Tierra, Leonor pronunci\u00f3 unas breves palabras ante la prensa para se\u00f1alar que afronta\u00a0<strong>\u00abcon muchas ganas\u00bb el inicio de su formaci\u00f3n castrense,\u00a0<\/strong>al tiempo que asent\u00eda al ser preguntada por sus nervios. \u00abUn poquito de nervios hay que tener\u00bb, reconoc\u00eda tambi\u00e9n Felipe. Tras esta breve pero amable bienvenida, la Familia Real se adentr\u00f3 en la estancia de Direcci\u00f3n, donde Leonor estamp\u00f3 su firma en el libro de honor de la Academia General Militar con una sencilla graf\u00eda y cuidada caligraf\u00eda.<\/p>\n<h2 class=\"article-body__ladillo\">Tres a\u00f1os de formaci\u00f3n militar<\/h2>\n<p class=\"article-body__text \">La formaci\u00f3n militar de Leonor durar\u00e1 tres a\u00f1os. Ser\u00e1\u00a0<strong>la primera mujer en ostentar el mando supremo de las Fuerzas Armadas cuando llegue al trono\u00a0<\/strong>se ha ajustado, ya que la AGM ha tenido que preparar un plan espec\u00edfico de estudios porque Leonor tendr\u00e1 que realizar dos cursos en uno.<\/p>\n<div id=\"intext-teads-2\">Fuente: EFE<\/div>\n<div class=\"teads-inread\">\n<div>\n<div class=\"teads-ui-components-adchoices\"><\/div>\n<\/div>\n<\/div>\n","protected":false},"excerpt":{"rendered":"<p>La Casa Real ha dado a conocer las primeras im\u00e1genes de la Princesa de Asturias<\/p>\n","protected":false},"author":4,"featured_media":0,"comment_status":"open","ping_status":"open","sticky":false,"template":"","format":"standard","meta":{"footnotes":""},"categories":[16],"tags":[],"class_list":["post-6160","post","type-post","status-publish","format-standard","hentry","category-internacionales"],"_links":{"self":[{"href":"https:\/\/defrentealaverdad.com\/index.php\/wp-json\/wp\/v2\/posts\/6160","targetHints":{"allow":["GET"]}}],"collection":[{"href":"https:\/\/defrentealaverdad.com\/index.php\/wp-json\/wp\/v2\/posts"}],"about":[{"href":"https:\/\/defrentealaverdad.com\/index.php\/wp-json\/wp\/v2\/types\/post"}],"author":[{"embeddable":true,"href":"https:\/\/defrentealaverdad.com\/index.php\/wp-json\/wp\/v2\/users\/4"}],"replies":[{"embeddable":true,"href":"https:\/\/defrentealaverdad.com\/index.php\/wp-json\/wp\/v2\/comments?post=6160"}],"version-history":[{"count":1,"href":"https:\/\/defrentealaverdad.com\/index.php\/wp-json\/wp\/v2\/posts\/6160\/revisions"}],"predecessor-version":[{"id":6161,"href":"https:\/\/defrentealaverdad.com\/index.php\/wp-json\/wp\/v2\/posts\/6160\/revisions\/6161"}],"wp:attachment":[{"href":"https:\/\/defrentealaverdad.com\/index.php\/wp-json\/wp\/v2\/media?parent=6160"}],"wp:term":[{"taxonomy":"category","embeddable":true,"href":"https:\/\/defrentealaverdad.com\/index.php\/wp-json\/wp\/v2\/categories?post=6160"},{"taxonomy":"post_tag","embeddable":true,"href":"https:\/\/defrentealaverdad.com\/index.php\/wp-json\/wp\/v2\/tags?post=6160"}],"curies":[{"name":"wp","href":"https:\/\/api.w.org\/{rel}","templated":true}]}}