{"id":6158,"date":"2023-08-19T20:11:28","date_gmt":"2023-08-19T20:11:28","guid":{"rendered":"https:\/\/defrentealaverdad.com\/?p=6158"},"modified":"2023-08-19T20:11:28","modified_gmt":"2023-08-19T20:11:28","slug":"el-tribunal-supremo-electoral-de-el-salvador-rechaza-recurso-en-contra-de-la-reeleccion-de-bukele","status":"publish","type":"post","link":"https:\/\/defrentealaverdad.com\/index.php\/2023\/08\/19\/el-tribunal-supremo-electoral-de-el-salvador-rechaza-recurso-en-contra-de-la-reeleccion-de-bukele\/","title":{"rendered":"El Tribunal Supremo Electoral de El Salvador rechaza recurso en contra de la reelecci\u00f3n de Bukele."},"content":{"rendered":"<p style=\"text-align: justify;\"><img decoding=\"async\" class=\"alignright lazyload\" data-src=\"https:\/\/paradigma.hn\/wp-content\/uploads\/2023\/08\/V737FSFIYLLFXR7IX67V7DDRTQ.jpg\" alt=\"El Tribunal Electoral rechaza un recurso contra la reelecci\u00f3n de Bukele en El  Salvador | Diario Paradigma\" width=\"540\" height=\"304\" src=\"data:image\/svg+xml;base64,PHN2ZyB3aWR0aD0iMSIgaGVpZ2h0PSIxIiB4bWxucz0iaHR0cDovL3d3dy53My5vcmcvMjAwMC9zdmciPjwvc3ZnPg==\" style=\"--smush-placeholder-width: 540px; --smush-placeholder-aspect-ratio: 540\/304;\" \/>San Salvador &#8211; El Tribunal Supremo Electoral de El Salvador (TSE) declar\u00f3 inadmisible una solicitud presentada por un grupo de abogados en la que solicitaron declarar inaplicable una resoluci\u00f3n de la Sala de lo Constitucional de la Corte Suprema que permitir\u00eda la reelecci\u00f3n inmediata del presidente Nayib Bukele.<\/p>\n<p style=\"text-align: justify;\">As\u00ed lo inform\u00f3 este viernes el abogado Rafael Garciaguirre en una rueda de prensa y se\u00f1al\u00f3 que el TSE, cuyos magistrados han dicho que acataran la resoluci\u00f3n del Supremo, argument\u00f3 que la solicitud es \u00abdifusa\u00bb.<\/p>\n<p style=\"text-align: justify;\">\u00abNos declara inadmisible la petici\u00f3n, argumentando que es difusa la petici\u00f3n\u00bb, dijo el letrado y agreg\u00f3 que la decisi\u00f3n del TSE no tiene \u00abelementos de juicio para comprender que esta resoluci\u00f3n es apegada a derecho, y a la Constituci\u00f3n\u00bb.<\/p>\n<p style=\"text-align: justify;\">Agreg\u00f3 que presentar\u00e1n un recurso de apelaci\u00f3n \u00aba sabiendas de que el mismo Tribunal lo va a declarar inadmisible\u00bb e indic\u00f3 que tambi\u00e9n tienen la opci\u00f3n de buscar instancias internacionales.<\/p>\n<p style=\"text-align: justify;\">En septiembre de 2021, los magistrados de la Sala de lo Constitucional de la Corte Suprema de Justicia (CSJ) emitieron una sentencia en la que se plasma un cambio de criterio sobre la reelecci\u00f3n inmediata.<\/p>\n<p style=\"text-align: justify;\">Los jueces, se\u00f1alados por Estados Unidos de ser \u00ableales\u00bb al Ejecutivo de Bukele y elegidos en un proceso irregular en el Congreso, apuntaron que la prohibici\u00f3n de la reelecci\u00f3n inmediata es para un gobernante que haya estado en el poder por 10 a\u00f1os.<\/p>\n<p style=\"text-align: justify;\">Hasta antes de este cambio, en sentencias anteriores un mandatario deb\u00eda terminar su per\u00edodo de 5 a\u00f1os y esperar 10 para buscar nuevamente la Presidencia.<\/p>\n<p style=\"text-align: justify;\">Bukele anunci\u00f3 su intenci\u00f3n de buscar la reelecci\u00f3n en septiembre de 2022, con lo que se convierte en el primer presidente de la etapa democr\u00e1tica salvadore\u00f1a con la opci\u00f3n de buscar su reelecci\u00f3n inmediata.<\/p>\n<p style=\"text-align: justify;\">Diversos abogados, incluso la Facultad de Jurisprudencia de la estatal Universidad de El Salvador (UES), han se\u00f1alado que la reelecci\u00f3n de Bukele supondr\u00eda la violaci\u00f3n de varios art\u00edculos de la Constituci\u00f3n, como el que se\u00f1ala que la persona que haya ejercido la Presidencia no podr\u00e1 \u00abcontinuar en sus funciones ni un d\u00eda m\u00e1s\u00bb.<\/p>\n<p style=\"text-align: justify;\">\n<p style=\"text-align: justify;\">Fuente: EFE<\/p>\n","protected":false},"excerpt":{"rendered":"<p>San Salvador &#8211; El Tribunal Supremo Electoral de El Salvador (TSE) declar\u00f3 inadmisible una solicitud<\/p>\n","protected":false},"author":4,"featured_media":0,"comment_status":"open","ping_status":"open","sticky":false,"template":"","format":"standard","meta":{"footnotes":""},"categories":[16,12],"tags":[],"class_list":["post-6158","post","type-post","status-publish","format-standard","hentry","category-internacionales","category-politicas"],"_links":{"self":[{"href":"https:\/\/defrentealaverdad.com\/index.php\/wp-json\/wp\/v2\/posts\/6158","targetHints":{"allow":["GET"]}}],"collection":[{"href":"https:\/\/defrentealaverdad.com\/index.php\/wp-json\/wp\/v2\/posts"}],"about":[{"href":"https:\/\/defrentealaverdad.com\/index.php\/wp-json\/wp\/v2\/types\/post"}],"author":[{"embeddable":true,"href":"https:\/\/defrentealaverdad.com\/index.php\/wp-json\/wp\/v2\/users\/4"}],"replies":[{"embeddable":true,"href":"https:\/\/defrentealaverdad.com\/index.php\/wp-json\/wp\/v2\/comments?post=6158"}],"version-history":[{"count":1,"href":"https:\/\/defrentealaverdad.com\/index.php\/wp-json\/wp\/v2\/posts\/6158\/revisions"}],"predecessor-version":[{"id":6159,"href":"https:\/\/defrentealaverdad.com\/index.php\/wp-json\/wp\/v2\/posts\/6158\/revisions\/6159"}],"wp:attachment":[{"href":"https:\/\/defrentealaverdad.com\/index.php\/wp-json\/wp\/v2\/media?parent=6158"}],"wp:term":[{"taxonomy":"category","embeddable":true,"href":"https:\/\/defrentealaverdad.com\/index.php\/wp-json\/wp\/v2\/categories?post=6158"},{"taxonomy":"post_tag","embeddable":true,"href":"https:\/\/defrentealaverdad.com\/index.php\/wp-json\/wp\/v2\/tags?post=6158"}],"curies":[{"name":"wp","href":"https:\/\/api.w.org\/{rel}","templated":true}]}}