{"id":6151,"date":"2023-08-19T20:05:32","date_gmt":"2023-08-19T20:05:32","guid":{"rendered":"https:\/\/defrentealaverdad.com\/?p=6151"},"modified":"2023-08-19T20:05:32","modified_gmt":"2023-08-19T20:05:32","slug":"asesinan-brutalmente-a-lider-de-comunidad-negra-en-brasil","status":"publish","type":"post","link":"https:\/\/defrentealaverdad.com\/index.php\/2023\/08\/19\/asesinan-brutalmente-a-lider-de-comunidad-negra-en-brasil\/","title":{"rendered":"Asesinan brutalmente a l\u00edder de comunidad negra en Brasil"},"content":{"rendered":"<p style=\"text-align: justify;\"><img decoding=\"async\" class=\"alignleft lazyload\" data-src=\"https:\/\/listindiario.com\/files\/main_image\/files\/fp\/uploads\/2023\/08\/18\/64e0238355cfb.r_d.119-194.jpeg\" alt=\"Mar\u00eda Bernadete Pac\u00edfico, una l\u00edder muy respetada de los &quot;quilombos&quot; de Brasil.\" width=\"521\" height=\"255\" src=\"data:image\/svg+xml;base64,PHN2ZyB3aWR0aD0iMSIgaGVpZ2h0PSIxIiB4bWxucz0iaHR0cDovL3d3dy53My5vcmcvMjAwMC9zdmciPjwvc3ZnPg==\" style=\"--smush-placeholder-width: 521px; --smush-placeholder-aspect-ratio: 521\/255;\" \/>Una destacada l\u00edder de la comunidad negra del noreste brasile\u00f1o, conocida por su lucha contra el racismo, fue asesinada a tiros por hombres enmascarados, crimen que provoc\u00f3 el viernes la condena del presidente Lula da Silva y de activistas.<\/p>\n<p style=\"text-align: justify;\">Mar\u00eda Bernadete Pac\u00edfico, una l\u00edder muy respetada de los \u00abquilombos\u00bb de Brasil -centenarias comunidades negras fundadas por esclavos fugitivos- fue baleada el jueves por dos hombres que llevaban cascos de motocicleta e irrumpieron en un edificio en el quilombo Pitanga dos Palmares, cerca de la ciudad de Salvador, seg\u00fan el ministerio de Seguridad del estado de Bah\u00eda.<\/p>\n<p style=\"text-align: justify;\">Conocida como \u00abM\u00e3e (Mam\u00e1) Bernadete\u00bb, Pac\u00edfico, de 72 a\u00f1os, fue coordinadora del Consejo Nacional de Quilombos (CONAQ) de Brasil, exministra de igualdad racial de la ciudad del noreste Simoes Filho y l\u00edder religiosa afrobrasile\u00f1a.<\/p>\n<div id=\"div-gpt-ad-1682694769489-0\" class=\"c-add\" style=\"text-align: justify;\" data-google-query-id=\"CKGtzajC6YADFZumgwgdAm4DTA\">\n<div id=\"google_ads_iframe_\/1018679\/LD_Home_Mobile_Article\/LD_Mobile_Article_2_0__container__\">Tambi\u00e9n hab\u00eda luchado porque se hiciera justicia por el asesinato de su hijo, Flavio Gabriel Pac\u00edfico dos Santos, otro l\u00edder comunitario asesinado a tiros hace seis a\u00f1os.<\/div>\n<\/div>\n<p style=\"text-align: justify;\">El presidente brasile\u00f1o, Luiz In\u00e1cio Lula da Silva, expres\u00f3 su \u00abdolor y preocupaci\u00f3n\u00bb por el crimen.<\/p>\n<p style=\"text-align: justify;\">\u00abEsperamos una investigaci\u00f3n rigurosa\u00bb, dijo el izquierdista, en un mensaje publicado en X (antes Twitter).<\/p>\n<div id=\"div-gpt-ad-1682694813819-0\" class=\"c-add\" style=\"text-align: justify;\" data-google-query-id=\"CIOGlqrC6YADFYqmgwgdIZcKLA\">\n<div><\/div>\n<div id=\"google_ads_iframe_\/1018679\/LD_Home_Mobile_Article\/LD_Mobile_Article_3_0__container__\">Lula dijo que los ministerios de Igualdad Racial y de Derechos Humanos hab\u00edan designado representantes para acompa\u00f1ar la investigaci\u00f3n.<\/div>\n<\/div>\n<p style=\"text-align: justify;\">El ministerio de la Mujer, en tanto, conden\u00f3 el \u00abbrutal asesinato\u00bb en un comunicado. La presidenta del Supremo Tribunal Federal, Rosa Weber, record\u00f3 haber conocido a Pac\u00edfico hace menos de un mes, durante una visita a Bah\u00eda.<\/p>\n<div id=\"div-gpt-ad-1682694824782-0\" class=\"c-add\" style=\"text-align: justify;\" data-google-query-id=\"CK3i46rC6YADFZGmgwgdv4YPhQ\">\n<div id=\"google_ads_iframe_\/1018679\/LD_Home_Mobile_Article\/LD_Mobile_Article_4_0__container__\">\u00abElla me habl\u00f3 sobre la violencia a la que los quilombolas se enfrentan y el dolor de perder a su hijo, alcanzado por 14 disparos, en un caso que todav\u00eda no fue resuelto\u00bb, dijo Weber en un nota.<\/div>\n<\/div>\n<p style=\"text-align: justify;\">Los medios brasile\u00f1os dijeron que Pac\u00edfico hab\u00eda reportado ser blanco de amenazas de agricultores, que tienen frecuentes disputas por la tierra con quilombos y comunidades ind\u00edgenas. Fundados por esclavos fugitivos en los siglos XVII y XVIII, los cerca de 3.500 quilombos en Brasil albergan a 1,3 millones de personas, seg\u00fan cifras del censo de 2022.<\/p>\n<div id=\"div-gpt-ad-1682694838337-0\" class=\"c-add\" style=\"text-align: justify;\" data-google-query-id=\"CMv666rC6YADFXuYgwgdY8oN9Q\">\n<div id=\"google_ads_iframe_\/1018679\/LD_Home_Mobile_Article\/LD_Mobile_Article_5_0__container__\" style=\"text-align: justify;\">Las comunidades siguen siendo un s\u00edmbolo de resistencia y lucha contra el racismo en Brasil, que fue el \u00faltimo pa\u00eds de Am\u00e9rica en abolir la esclavitud, en 1888.<\/div>\n<\/div>\n<div style=\"text-align: justify;\"><\/div>\n<div style=\"text-align: justify;\">Fuente: Listin Diario<\/div>\n","protected":false},"excerpt":{"rendered":"<p>Una destacada l\u00edder de la comunidad negra del noreste brasile\u00f1o, conocida por su lucha contra<\/p>\n","protected":false},"author":4,"featured_media":0,"comment_status":"open","ping_status":"open","sticky":false,"template":"","format":"standard","meta":{"footnotes":""},"categories":[16],"tags":[],"class_list":["post-6151","post","type-post","status-publish","format-standard","hentry","category-internacionales"],"_links":{"self":[{"href":"https:\/\/defrentealaverdad.com\/index.php\/wp-json\/wp\/v2\/posts\/6151","targetHints":{"allow":["GET"]}}],"collection":[{"href":"https:\/\/defrentealaverdad.com\/index.php\/wp-json\/wp\/v2\/posts"}],"about":[{"href":"https:\/\/defrentealaverdad.com\/index.php\/wp-json\/wp\/v2\/types\/post"}],"author":[{"embeddable":true,"href":"https:\/\/defrentealaverdad.com\/index.php\/wp-json\/wp\/v2\/users\/4"}],"replies":[{"embeddable":true,"href":"https:\/\/defrentealaverdad.com\/index.php\/wp-json\/wp\/v2\/comments?post=6151"}],"version-history":[{"count":1,"href":"https:\/\/defrentealaverdad.com\/index.php\/wp-json\/wp\/v2\/posts\/6151\/revisions"}],"predecessor-version":[{"id":6152,"href":"https:\/\/defrentealaverdad.com\/index.php\/wp-json\/wp\/v2\/posts\/6151\/revisions\/6152"}],"wp:attachment":[{"href":"https:\/\/defrentealaverdad.com\/index.php\/wp-json\/wp\/v2\/media?parent=6151"}],"wp:term":[{"taxonomy":"category","embeddable":true,"href":"https:\/\/defrentealaverdad.com\/index.php\/wp-json\/wp\/v2\/categories?post=6151"},{"taxonomy":"post_tag","embeddable":true,"href":"https:\/\/defrentealaverdad.com\/index.php\/wp-json\/wp\/v2\/tags?post=6151"}],"curies":[{"name":"wp","href":"https:\/\/api.w.org\/{rel}","templated":true}]}}