{"id":6131,"date":"2023-08-11T15:58:18","date_gmt":"2023-08-11T15:58:18","guid":{"rendered":"https:\/\/defrentealaverdad.com\/?p=6131"},"modified":"2023-08-17T15:59:43","modified_gmt":"2023-08-17T15:59:43","slug":"ministerio-de-trabajo-reitera-16-de-agosto-dia-de-la-restauracion-no-se-cambia","status":"publish","type":"post","link":"https:\/\/defrentealaverdad.com\/index.php\/2023\/08\/11\/ministerio-de-trabajo-reitera-16-de-agosto-dia-de-la-restauracion-no-se-cambia\/","title":{"rendered":"Ministerio de Trabajo reitera 16 de agosto \u201cD\u00eda de la Restauraci\u00f3n\u201d No se cambia"},"content":{"rendered":"<p><b><img decoding=\"async\" class=\"alignright lazyload\" data-src=\"https:\/\/www.telesurtv.net\/export\/sites\/telesur\/img\/multimedia\/2018\/08\/16\/plaza-a-la-bandera-dominicana-edit.jpg_1629748133.jpg\" alt=\"Qu\u00e9 fue la Restauraci\u00f3n Dominicana? Aqu\u00ed lo que debes saber | Noticias |  teleSUR\" width=\"375\" height=\"209\" src=\"data:image\/svg+xml;base64,PHN2ZyB3aWR0aD0iMSIgaGVpZ2h0PSIxIiB4bWxucz0iaHR0cDovL3d3dy53My5vcmcvMjAwMC9zdmciPjwvc3ZnPg==\" style=\"--smush-placeholder-width: 375px; --smush-placeholder-aspect-ratio: 375\/209;\" \/>Santo Domingo.-<\/b>\u00a0El Ministerio de Trabajo reitera a toda la colectividad empresarial y trabajadora del pa\u00eds, que la festividad del \u201cD\u00eda de la Restauraci\u00f3n\u201d, que se celebra el mi\u00e9rcoles 16 de agosto, es inamovible, por lo que ser\u00e1 d\u00eda No laborable.<\/p>\n<p>Con esta medida se da cumplimiento a la Ley 139-97, sobre la aplicaci\u00f3n de los d\u00edas feriados. El Ministerio informa, que la clase trabajadora debe reintegrarse a sus labores cotidianas el jueves 17 del mismo mes.<\/p>\n<p>La celebraci\u00f3n de estas fechas, de conformidad con lo establecido por la legislaci\u00f3n dominicana, deber\u00e1 ser aplicada en todos los establecimientos de la Rep\u00fablica Dominicana.<\/p>\n<p>En aquellas empresas, que por su naturaleza deben permanecer abiertas al p\u00fablico, los trabajadores deben recibir una remuneraci\u00f3n adicional, de acuerdo a lo establecido en el C\u00f3digo de Trabajo.<\/p>\n<p>Nota aclaratoria: \u201cEl 16 de agosto, no se traslada por disposici\u00f3n de la sentencia No.14 del 20 de febrero del a\u00f1o 2008 de la \u00abSuprema Corte de Justicia\u201d.<\/p>\n<p>&nbsp;<\/p>\n<p>Fuente: Dir. Comunicaciones MT<\/p>\n","protected":false},"excerpt":{"rendered":"<p>Santo Domingo.-\u00a0El Ministerio de Trabajo reitera a toda la colectividad empresarial y trabajadora del pa\u00eds,<\/p>\n","protected":false},"author":2,"featured_media":0,"comment_status":"open","ping_status":"open","sticky":false,"template":"","format":"standard","meta":{"footnotes":""},"categories":[7],"tags":[],"class_list":["post-6131","post","type-post","status-publish","format-standard","hentry","category-nacionales"],"_links":{"self":[{"href":"https:\/\/defrentealaverdad.com\/index.php\/wp-json\/wp\/v2\/posts\/6131","targetHints":{"allow":["GET"]}}],"collection":[{"href":"https:\/\/defrentealaverdad.com\/index.php\/wp-json\/wp\/v2\/posts"}],"about":[{"href":"https:\/\/defrentealaverdad.com\/index.php\/wp-json\/wp\/v2\/types\/post"}],"author":[{"embeddable":true,"href":"https:\/\/defrentealaverdad.com\/index.php\/wp-json\/wp\/v2\/users\/2"}],"replies":[{"embeddable":true,"href":"https:\/\/defrentealaverdad.com\/index.php\/wp-json\/wp\/v2\/comments?post=6131"}],"version-history":[{"count":1,"href":"https:\/\/defrentealaverdad.com\/index.php\/wp-json\/wp\/v2\/posts\/6131\/revisions"}],"predecessor-version":[{"id":6132,"href":"https:\/\/defrentealaverdad.com\/index.php\/wp-json\/wp\/v2\/posts\/6131\/revisions\/6132"}],"wp:attachment":[{"href":"https:\/\/defrentealaverdad.com\/index.php\/wp-json\/wp\/v2\/media?parent=6131"}],"wp:term":[{"taxonomy":"category","embeddable":true,"href":"https:\/\/defrentealaverdad.com\/index.php\/wp-json\/wp\/v2\/categories?post=6131"},{"taxonomy":"post_tag","embeddable":true,"href":"https:\/\/defrentealaverdad.com\/index.php\/wp-json\/wp\/v2\/tags?post=6131"}],"curies":[{"name":"wp","href":"https:\/\/api.w.org\/{rel}","templated":true}]}}