{"id":6105,"date":"2023-08-11T22:56:37","date_gmt":"2023-08-11T22:56:37","guid":{"rendered":"https:\/\/defrentealaverdad.com\/?p=6105"},"modified":"2023-08-13T23:04:55","modified_gmt":"2023-08-13T23:04:55","slug":"sound-of-freedom-en-latinoamerica","status":"publish","type":"post","link":"https:\/\/defrentealaverdad.com\/index.php\/2023\/08\/11\/sound-of-freedom-en-latinoamerica\/","title":{"rendered":"Sound of Freedom en Latinoamerica"},"content":{"rendered":"<p style=\"text-align: justify;\"><strong>\u00a0Por Julia Sanchez\u00a0<\/strong><\/p>\n<blockquote>\n<p style=\"text-align: justify;\">Eduardo Ver\u00e1stegui se re\u00fane con el presidente de Costa Rica, firma acuerdo antitrata en la Asamblea Legislativa y presenta la pel\u00edcula a autoridades de gobierno<\/p>\n<p>&nbsp;<\/p><\/blockquote>\n<p style=\"text-align: justify;\"><strong>San Jos\u00e9 de Costa Rica<\/strong>\u00a0\u2013 <strong><em>Sound of Freedom<\/em><\/strong> sigue avanzando en Latinoam\u00e9rica. Esta vez, la premier fue en Costa Rica, donde el productor del filme y presidente del Movimiento Viva M\u00e9xico, Eduardo Ver\u00e1stegui, se reuni\u00f3 con el presidente de la naci\u00f3n, Rodrigo Chaves Robles, firm\u00f3 un acuerdo multipartidista con la Asamblea Legislativa nacional, y particip\u00f3 de la proyecci\u00f3n de la pel\u00edcula, que reuni\u00f3 a l\u00edderes sociales, culturales, pol\u00edticos, empresariales y religiosos. El p\u00fablico celebr\u00f3 la presentaci\u00f3n y se sum\u00f3 a la ola creciente del movimiento antitrata que representa.<\/p>\n<p style=\"text-align: justify;\"><img decoding=\"async\" class=\"size-medium wp-image-6106 alignleft lazyload\" data-src=\"https:\/\/defrentealaverdad.com\/wp-content\/uploads\/2023\/08\/WhatsApp-Image-2023-08-13-at-18.27.03-2-300x225.jpeg\" alt=\"\" width=\"300\" height=\"225\" data-srcset=\"https:\/\/defrentealaverdad.com\/wp-content\/uploads\/2023\/08\/WhatsApp-Image-2023-08-13-at-18.27.03-2-300x225.jpeg 300w, https:\/\/defrentealaverdad.com\/wp-content\/uploads\/2023\/08\/WhatsApp-Image-2023-08-13-at-18.27.03-2-768x577.jpeg 768w, https:\/\/defrentealaverdad.com\/wp-content\/uploads\/2023\/08\/WhatsApp-Image-2023-08-13-at-18.27.03-2-720x540.jpeg 720w, https:\/\/defrentealaverdad.com\/wp-content\/uploads\/2023\/08\/WhatsApp-Image-2023-08-13-at-18.27.03-2.jpeg 1024w\" data-sizes=\"(max-width: 300px) 100vw, 300px\" src=\"data:image\/svg+xml;base64,PHN2ZyB3aWR0aD0iMSIgaGVpZ2h0PSIxIiB4bWxucz0iaHR0cDovL3d3dy53My5vcmcvMjAwMC9zdmciPjwvc3ZnPg==\" style=\"--smush-placeholder-width: 300px; --smush-placeholder-aspect-ratio: 300\/225;\" \/><\/p>\n<p style=\"text-align: justify;\">\u201cSolo los valientes abrazan la causa del combate de la trata de ni\u00f1os para explotaci\u00f3n sexual -dijo Ver\u00e1stegui-. Felicidades, presidente Rodrigo Chaves Robles, por su compromiso para erradicar la esclavitud y el tr\u00e1fico de \u00f3rganos de los ni\u00f1os de su pa\u00eds.<\/p>\n<p style=\"text-align: justify;\">Gracias, por sumar a Costa Rica a la lucha contra la trata\u201d, cerr\u00f3.<\/p>\n<p style=\"text-align: justify;\">Antes de reunirse con Chaves Robles, Ver\u00e1stegui firm\u00f3 junto a m\u00e1s de 37 diputados en la Asamblea Legislativa un acuerdo multipartidista o Carta de Compromiso Parlamentario, en un evento liderado por el diputado nacional Francisco Alvarado (Partido Nueva Rep\u00fablica). El compromiso busca generar acciones para erradicar la trata, explotaci\u00f3n sexual y tr\u00e1fico de \u00f3rganos de ni\u00f1os en ese pa\u00eds. Tambi\u00e9n se present\u00f3 un proyecto de ley con medidas destinadas a enfrentar con m\u00e1s fuerza la trata de personas en el pa\u00eds.<\/p>\n<p style=\"text-align: justify;\">La proyecci\u00f3n de la pel\u00edcula tuvo lugar en Cin\u00e9polis Terrazas Lindora. La premier, como todas las de <strong><em>Sound of Freedom,<\/em><\/strong> tuvo por objeto generar conciencia sobre este crimen y proteger a los ni\u00f1os mediante propuestas de prevenci\u00f3n y concientizaci\u00f3n.<\/p>\n<p style=\"text-align: justify;\"><strong>Contenido del Acuerdo Multipartidista<\/strong><\/p>\n<p style=\"text-align: justify;\">El acuerdo multisectorial fue liderado por el diputado Fabricio Alvarado y firmado por los legisladores y por Ver\u00e1stegui como presidente del Movimiento Viva M\u00e9xico. \u201cLa trata constituye un horrible crimen en contra de toda la humanidad, pero cuando victimiza a ni\u00f1os, ni\u00f1as y adolescentes, alcanza su nivel m\u00e1s execrable e inadmisible, por la situaci\u00f3n de desventaja y desigualdad de estos frente a sus captores y agresores\u201d, dice el acuerdo. \u201cTodas las personas estamos obligadas, por Dios y por la Patria, a sentir empat\u00eda y consideraci\u00f3n especial a favor de los ni\u00f1os que viven la terror\u00edfica y atroz experiencia de ser capturados, mancillados en su inocencia y traficados para fines sexuales y de venta de \u00f3rganos\u201d, agregan los considerandos.<\/p>\n<p style=\"text-align: justify;\"><img decoding=\"async\" class=\"size-medium wp-image-6107 alignright lazyload\" data-src=\"https:\/\/defrentealaverdad.com\/wp-content\/uploads\/2023\/08\/WhatsApp-Image-2023-08-13-at-18.27.03-1-300x225.jpeg\" alt=\"\" width=\"300\" height=\"225\" data-srcset=\"https:\/\/defrentealaverdad.com\/wp-content\/uploads\/2023\/08\/WhatsApp-Image-2023-08-13-at-18.27.03-1-300x225.jpeg 300w, https:\/\/defrentealaverdad.com\/wp-content\/uploads\/2023\/08\/WhatsApp-Image-2023-08-13-at-18.27.03-1-1024x769.jpeg 1024w, https:\/\/defrentealaverdad.com\/wp-content\/uploads\/2023\/08\/WhatsApp-Image-2023-08-13-at-18.27.03-1-768x576.jpeg 768w, https:\/\/defrentealaverdad.com\/wp-content\/uploads\/2023\/08\/WhatsApp-Image-2023-08-13-at-18.27.03-1-1536x1153.jpeg 1536w, https:\/\/defrentealaverdad.com\/wp-content\/uploads\/2023\/08\/WhatsApp-Image-2023-08-13-at-18.27.03-1-720x540.jpeg 720w, https:\/\/defrentealaverdad.com\/wp-content\/uploads\/2023\/08\/WhatsApp-Image-2023-08-13-at-18.27.03-1.jpeg 1600w\" data-sizes=\"(max-width: 300px) 100vw, 300px\" src=\"data:image\/svg+xml;base64,PHN2ZyB3aWR0aD0iMSIgaGVpZ2h0PSIxIiB4bWxucz0iaHR0cDovL3d3dy53My5vcmcvMjAwMC9zdmciPjwvc3ZnPg==\" style=\"--smush-placeholder-width: 300px; --smush-placeholder-aspect-ratio: 300\/225;\" \/><\/p>\n<p style=\"text-align: justify;\">\u201cEl mundo entero se ha conmovido por la presentaci\u00f3n de la pel\u00edcula Sound Of Freedom\u201d, afirman los legisladores costarricenses, \u201cla cual no solo representa una propuesta contundente para generar conciencia sobre este problema, sino que constituye un llamado a la acci\u00f3n de movimientos sociopol\u00edticos en todo el planeta para luchar frontalmente en contra de este atroz crimen\u201d.<\/p>\n<p style=\"text-align: justify;\">Por todo esto, se acord\u00f3 garantizar recursos necesarios del presupuesto nacional para la prevenci\u00f3n, atenci\u00f3n y rehabilitaci\u00f3n que demanda este delito; fortalecer a las instituciones que se vinculan con el combate a este fen\u00f3meno; proponer reformas de leyes, establecer instancias de di\u00e1logo interinstitucionales; sumar \u00e1reas de la cultural la empresa, la administraci\u00f3n p\u00fablica, el apoyo a la sociedad civil organizada, proponer protocolos para la identificaci\u00f3n y atenci\u00f3n de ni\u00f1as, ni\u00f1os y adolescentes v\u00edctimas de trata y explotaci\u00f3n; trabajar en la rehabilitaci\u00f3n de las v\u00edctimas con las mejores pr\u00e1cticas disponibles, as\u00ed como en la persecuci\u00f3n del delito, y promover c\u00f3digos de conducta en el sector tur\u00edstico y de transportes, a fin de combatir la trata y explotaci\u00f3n sexual de ni\u00f1os.<\/p>\n<p style=\"text-align: justify;\"><strong>Movimiento Global <\/strong><\/p>\n<p style=\"text-align: justify;\">Por su parte, Ver\u00e1stegui afirm\u00f3 que <strong>\u00abesta pel\u00edcula ya ha detonado un movimiento global, que busca terminar con un problema global\u201d<\/strong>. <strong>Sound of Freedom,<\/strong> dirigida por Alejandro Monteverde y distribuida por Angel Studios, ser\u00e1 estrenada el 31 de agosto en toda Latinoam\u00e9rica y unas semanas despu\u00e9s, en pa\u00edses de Europa, Asia y \u00c1frica. <strong>\u201cJuntos somos m\u00e1s fuertes -cerr\u00f3 Ver\u00e1stegui-, y con esa fortaleza, estoy seguro de que vamos a terminar con esta terrible realidad\u201d.<\/strong><\/p>\n<p style=\"text-align: justify;\">\n<p style=\"text-align: justify;\">Fuente: Comunicadoras Hispanas<\/p>\n","protected":false},"excerpt":{"rendered":"<p>\u00a0Por Julia Sanchez\u00a0 Eduardo Ver\u00e1stegui se re\u00fane con el presidente de Costa Rica, firma acuerdo<\/p>\n","protected":false},"author":2,"featured_media":0,"comment_status":"open","ping_status":"open","sticky":false,"template":"","format":"standard","meta":{"footnotes":""},"categories":[16],"tags":[],"class_list":["post-6105","post","type-post","status-publish","format-standard","hentry","category-internacionales"],"_links":{"self":[{"href":"https:\/\/defrentealaverdad.com\/index.php\/wp-json\/wp\/v2\/posts\/6105","targetHints":{"allow":["GET"]}}],"collection":[{"href":"https:\/\/defrentealaverdad.com\/index.php\/wp-json\/wp\/v2\/posts"}],"about":[{"href":"https:\/\/defrentealaverdad.com\/index.php\/wp-json\/wp\/v2\/types\/post"}],"author":[{"embeddable":true,"href":"https:\/\/defrentealaverdad.com\/index.php\/wp-json\/wp\/v2\/users\/2"}],"replies":[{"embeddable":true,"href":"https:\/\/defrentealaverdad.com\/index.php\/wp-json\/wp\/v2\/comments?post=6105"}],"version-history":[{"count":1,"href":"https:\/\/defrentealaverdad.com\/index.php\/wp-json\/wp\/v2\/posts\/6105\/revisions"}],"predecessor-version":[{"id":6108,"href":"https:\/\/defrentealaverdad.com\/index.php\/wp-json\/wp\/v2\/posts\/6105\/revisions\/6108"}],"wp:attachment":[{"href":"https:\/\/defrentealaverdad.com\/index.php\/wp-json\/wp\/v2\/media?parent=6105"}],"wp:term":[{"taxonomy":"category","embeddable":true,"href":"https:\/\/defrentealaverdad.com\/index.php\/wp-json\/wp\/v2\/categories?post=6105"},{"taxonomy":"post_tag","embeddable":true,"href":"https:\/\/defrentealaverdad.com\/index.php\/wp-json\/wp\/v2\/tags?post=6105"}],"curies":[{"name":"wp","href":"https:\/\/api.w.org\/{rel}","templated":true}]}}