{"id":6102,"date":"2023-08-13T22:56:20","date_gmt":"2023-08-13T22:56:20","guid":{"rendered":"https:\/\/defrentealaverdad.com\/?p=6102"},"modified":"2023-08-13T22:56:20","modified_gmt":"2023-08-13T22:56:20","slug":"presidente-abinader-encabeza-firma-de-acuerdo-para-homologacion-de-licencias-de-conducir-de-dominicanos-en-rd-y-ee-uu","status":"publish","type":"post","link":"https:\/\/defrentealaverdad.com\/index.php\/2023\/08\/13\/presidente-abinader-encabeza-firma-de-acuerdo-para-homologacion-de-licencias-de-conducir-de-dominicanos-en-rd-y-ee-uu\/","title":{"rendered":"Presidente Abinader encabeza firma de acuerdo para homologaci\u00f3n de licencias de conducir de dominicanos en RD y EE. UU"},"content":{"rendered":"<header id=\"mvp-post-head\" class=\"left relative\">\n<h3 class=\"mvp-post-cat left relative\" style=\"text-align: justify;\"><strong>Por Mirla Hernandez\u00a0<\/strong><\/h3>\n<\/header>\n<div id=\"mvp-post-content\" class=\"left relative\">\n<div id=\"mvp-post-feat-img\" class=\"left relative mvp-post-feat-img-wide2\" style=\"text-align: justify;\"><img decoding=\"async\" class=\"attachment- size- wp-post-image lazyload\" data-src=\"https:\/\/www.ultimasnoticias.com.do\/wp-content\/uploads\/2023\/08\/presidente-abinader-2.jpg\" data-sizes=\"(max-width: 1300px) 100vw, 1300px\" data-srcset=\"https:\/\/www.ultimasnoticias.com.do\/wp-content\/uploads\/2023\/08\/presidente-abinader-2.jpg 1300w, https:\/\/www.ultimasnoticias.com.do\/wp-content\/uploads\/2023\/08\/presidente-abinader-2-300x169.jpg 300w, https:\/\/www.ultimasnoticias.com.do\/wp-content\/uploads\/2023\/08\/presidente-abinader-2-1024x576.jpg 1024w, https:\/\/www.ultimasnoticias.com.do\/wp-content\/uploads\/2023\/08\/presidente-abinader-2-768x432.jpg 768w\" alt=\"\" width=\"1300\" height=\"731\" src=\"data:image\/svg+xml;base64,PHN2ZyB3aWR0aD0iMSIgaGVpZ2h0PSIxIiB4bWxucz0iaHR0cDovL3d3dy53My5vcmcvMjAwMC9zdmciPjwvc3ZnPg==\" style=\"--smush-placeholder-width: 1300px; --smush-placeholder-aspect-ratio: 1300\/731;\" \/><\/div>\n<div id=\"mvp-content-wrap\" class=\"left relative\">\n<div id=\"mvp-content-body\" class=\"left relative\">\n<div id=\"mvp-content-body-top\" class=\"left relative\">\n<div id=\"mvp-content-main\" class=\"left relative\">\n<p style=\"text-align: justify;\">Nueva York.-\u00a0<strong>El presidente Luis Abinader<\/strong>\u00a0encabez\u00f3 este domingo junto a la gobernadora del Estado de Nueva York,\u00a0<strong>Kathy Hochul<\/strong>, la firma de un acuerdo para la promulgaci\u00f3n de la\u00a0<strong>Ley de Licencias de Conducir.<\/strong><\/p>\n<p style=\"text-align: justify;\">Durante el acto, el mandatario destac\u00f3 que la firma de este acuerdo\u00a0<strong>permitir\u00e1 a los dominicanos usar la licencia de conducir tanto en Nueva York como en Rep\u00fablica Dominicana,<\/strong>\u00a0sin la necesidad de realizar procedimientos de homologaci\u00f3n.<\/p>\n<p style=\"text-align: justify;\">El presidente Abinader\u00a0<strong>agradeci\u00f3\u00a0<\/strong>al congresista<strong>\u00a0Adriano Espaillat,<\/strong>\u00a0a la gobernadora<strong>\u00a0Hochul,\u00a0<\/strong>al senador<strong>\u00a0Luis Sep\u00falveda<\/strong>, a los congresistas, concejales estatales, por este acuerdo que, dijo, es parte del\u00a0<strong>avance para beneficio de los dominicanos.<\/strong><\/p>\n<p style=\"text-align: justify;\">De igual forma, resalt\u00f3 el\u00a0<strong>impulso<\/strong>\u00a0que dieron a esta iniciativa el presidente del Senado dominicano,\u00a0<strong>Eduardo Estrella<\/strong>; el senador de la provincia Mar\u00eda Trinidad S\u00e1nchez,\u00a0<strong>Alexis Victoria<\/strong>; la embajadora dominicana en los Estados Unidos,\u00a0<strong>Sonia Guzm\u00e1n<\/strong>, y el c\u00f3nsul dominicano en Nueva York,\u00a0<strong>Eligio J\u00e1quez.<\/strong><\/p>\n<figure class=\"wp-block-image\" style=\"text-align: justify;\"><img decoding=\"async\" data-src=\"https:\/\/www.presidencia.gob.do\/sites\/default\/files\/inline-images\/WhatsApp%20Image%202023-08-13%20at%203.09.12%20PM.jpeg\" alt=\"\" src=\"data:image\/svg+xml;base64,PHN2ZyB3aWR0aD0iMSIgaGVpZ2h0PSIxIiB4bWxucz0iaHR0cDovL3d3dy53My5vcmcvMjAwMC9zdmciPjwvc3ZnPg==\" class=\"lazyload\" \/><\/figure>\n<p style=\"text-align: justify;\">El jefe de Estado aprovech\u00f3 para anunciar que con la ayuda de la ciudad de Nueva York y de su\u00a0<strong>alcalde Eric Adams<\/strong>, se instalar\u00e1 un\u00a0<strong>museo y teatro<\/strong>\u00a0para ense\u00f1ar a los dominicanos de las diferentes generaciones,\u00a0<strong>la historia y la cultura del pa\u00eds<\/strong>.<\/p>\n<p style=\"text-align: justify;\">Al relatar c\u00f3mo su familia emigr\u00f3 a los Estados Unidos, el presidente Abinader as\u00ed se expres\u00f3:\u00a0<em>\u00abYo me siento tambi\u00e9n que yo soy un dominicano neoyorquino, que vino con su familia y su familia estuvo aqu\u00ed y he vivido y he visto ese trabajo, esa dedicaci\u00f3n, ese emprendedurismo y no solamente ellos han podido progresar, sino que el Estado de Nueva York y Estados Unidos ha progresado con ellos\u00bb.<\/em><\/p>\n<p style=\"text-align: justify;\">Agreg\u00f3 por eso siempre les dice a los dominicanos, donde quiera que est\u00e1n, que tienen que ser como lo han sido y como lo reconoce la sociedad,\u00a0<strong>buenos ciudadanos en los pa\u00edses a donde emigran\u00a0<\/strong>porque eso dice la grandeza de donde vienen,<em>\u00a0\u00abnuestra patria, la Rep\u00fablica Dominicana\u00bb.<\/em><\/p>\n<p style=\"text-align: justify;\">En medio de su discurso, el gobernante aprovech\u00f3 para preguntar a los dominicanos por la preferencia de los equipos de b\u00e9isbol y ante las respuestas de los presentes exclam\u00f3:\u00a0<em>\u00abPero somos todos dominicanos, todos amamos nuestro pa\u00eds y queremos nuestra patria y hacemos y seguimos haciendo todo para que nuestra patria y la calidad de vida de nuestra gente donde quiera que est\u00e9n sea cada d\u00eda mejor\u00bb.<\/em><\/p>\n<p style=\"text-align: justify;\">Y agreg\u00f3:<em>\u00a0\u00abEstoy aqu\u00ed como presidente de todos los dominicanos y voy a desfilar hoy con mucho orgullo, diciendo que a los dominicanos en las comunidades en el exterior, les queremos, les estimamos, les agradecemos y estamos orgullosos y que sin ellos el progreso que se vive hoy en la Rep\u00fablica Dominicana no hubiera sido posible\u00bb.<\/em><\/p>\n<p style=\"text-align: justify;\">El presidente Abinader tambi\u00e9n particip\u00f3 en un\u00a0<strong>desayuno con m\u00e1s de 2,000 personas,<\/strong>\u00a0evento organizado por el congresista de origen dominicano\u00a0<strong>Adriano Espaillat<\/strong>.<\/p>\n<p style=\"text-align: justify;\">Posteriormente, el mandatario\u00a0<strong>dominicano se integr\u00f3 al desfile dominicano que parti\u00f3 de la Sexta Avenida y calle 36.<\/strong><\/p>\n<\/div>\n<p>Fuente: Prensa Presidencia<\/p>\n<\/div>\n<\/div>\n<\/div>\n<\/div>\n","protected":false},"excerpt":{"rendered":"<p>Por Mirla Hernandez\u00a0 Nueva York.-\u00a0El presidente Luis Abinader\u00a0encabez\u00f3 este domingo junto a la gobernadora del<\/p>\n","protected":false},"author":4,"featured_media":0,"comment_status":"open","ping_status":"open","sticky":false,"template":"","format":"standard","meta":{"footnotes":""},"categories":[7],"tags":[],"class_list":["post-6102","post","type-post","status-publish","format-standard","hentry","category-nacionales"],"_links":{"self":[{"href":"https:\/\/defrentealaverdad.com\/index.php\/wp-json\/wp\/v2\/posts\/6102","targetHints":{"allow":["GET"]}}],"collection":[{"href":"https:\/\/defrentealaverdad.com\/index.php\/wp-json\/wp\/v2\/posts"}],"about":[{"href":"https:\/\/defrentealaverdad.com\/index.php\/wp-json\/wp\/v2\/types\/post"}],"author":[{"embeddable":true,"href":"https:\/\/defrentealaverdad.com\/index.php\/wp-json\/wp\/v2\/users\/4"}],"replies":[{"embeddable":true,"href":"https:\/\/defrentealaverdad.com\/index.php\/wp-json\/wp\/v2\/comments?post=6102"}],"version-history":[{"count":1,"href":"https:\/\/defrentealaverdad.com\/index.php\/wp-json\/wp\/v2\/posts\/6102\/revisions"}],"predecessor-version":[{"id":6103,"href":"https:\/\/defrentealaverdad.com\/index.php\/wp-json\/wp\/v2\/posts\/6102\/revisions\/6103"}],"wp:attachment":[{"href":"https:\/\/defrentealaverdad.com\/index.php\/wp-json\/wp\/v2\/media?parent=6102"}],"wp:term":[{"taxonomy":"category","embeddable":true,"href":"https:\/\/defrentealaverdad.com\/index.php\/wp-json\/wp\/v2\/categories?post=6102"},{"taxonomy":"post_tag","embeddable":true,"href":"https:\/\/defrentealaverdad.com\/index.php\/wp-json\/wp\/v2\/tags?post=6102"}],"curies":[{"name":"wp","href":"https:\/\/api.w.org\/{rel}","templated":true}]}}