{"id":6100,"date":"2023-08-13T22:54:38","date_gmt":"2023-08-13T22:54:38","guid":{"rendered":"https:\/\/defrentealaverdad.com\/?p=6100"},"modified":"2023-08-13T22:54:38","modified_gmt":"2023-08-13T22:54:38","slug":"historiadores-militares-invitan-a-los-jovenes-emular-los-valores-de-los-heroes-restauradores","status":"publish","type":"post","link":"https:\/\/defrentealaverdad.com\/index.php\/2023\/08\/13\/historiadores-militares-invitan-a-los-jovenes-emular-los-valores-de-los-heroes-restauradores\/","title":{"rendered":"\u00a0Historiadores militares invitan a los j\u00f3venes emular los valores de los h\u00e9roes restauradores"},"content":{"rendered":"<div class=\"separator\" style=\"text-align: justify;\">Por Felix Rubio<\/div>\n<div><\/div>\n<div class=\"separator\" style=\"text-align: justify;\">SANTO DOMINGO.- Al arribar a los 160 a\u00f1os de la gesta de la restauraci\u00f3n, historiadores militares del Ministerio de Defensa invitan a los j\u00f3venes a seguir como referencia los valores, la \u00e9tica, valent\u00eda y el pensamiento liberal de los h\u00e9roes dominicanos que lucharon con determinaci\u00f3n por poner fin a la Anexi\u00f3n a Espa\u00f1a.<\/p>\n<p>El director de Historia Militar del MIDE, coronel S\u00f3crates Suazo Ruiz, del Ej\u00e9rcito y el encargado del Departamento de Historia por la Armada, de esa dependencia teniente de nav\u00edo Juan Carlos Rosario Ram\u00edrez, coincidieron en que los hombres y mujeres restauradores apostaron por los sue\u00f1os de integraci\u00f3n y unidad nacional.<\/p>\n<p>Durante su intervenci\u00f3n en el programa \u201cJ5 Interactivo\u201d, que se transmite cada jueves a las 10 de la ma\u00f1ana, por La Voz de las Fuerzas Armadas, el coronel Suazo Ruiz rememor\u00f3 los antecedentes, consecuencias, los aportes y sacrificios del inicio de la gesta por la restauraci\u00f3n de la Rep\u00fablica Dominicana.<\/p>\n<\/div>\n<div class=\"separator\" style=\"text-align: justify;\"><a href=\"https:\/\/blogger.googleusercontent.com\/img\/b\/R29vZ2xl\/AVvXsEhvPA2AkBQQZm5W9i-Ddr5ckt-W9iKBgzGA7ITa4kDVaJxP3lI2EaL0V69FhKy4-8o8nNRTfO4NL07_CwCUW0uX21NX79asYmvnQJ481Yn0uaiDqoNDhiqPEnIiUEGA6jzVyEbCRsMVGMAWVEhItuGC8EeNDCaiB9djIT9-cbjsb5GsfniAd3S_dIIuRkQd\/s1280\/IMG-20230812-WA0012.jpg\"><img decoding=\"async\" class=\"alignleft lazyload\" data-src=\"https:\/\/blogger.googleusercontent.com\/img\/b\/R29vZ2xl\/AVvXsEhvPA2AkBQQZm5W9i-Ddr5ckt-W9iKBgzGA7ITa4kDVaJxP3lI2EaL0V69FhKy4-8o8nNRTfO4NL07_CwCUW0uX21NX79asYmvnQJ481Yn0uaiDqoNDhiqPEnIiUEGA6jzVyEbCRsMVGMAWVEhItuGC8EeNDCaiB9djIT9-cbjsb5GsfniAd3S_dIIuRkQd\/s320\/IMG-20230812-WA0012.jpg\" width=\"320\" height=\"240\" border=\"0\" data-original-height=\"960\" data-original-width=\"1280\" src=\"data:image\/svg+xml;base64,PHN2ZyB3aWR0aD0iMSIgaGVpZ2h0PSIxIiB4bWxucz0iaHR0cDovL3d3dy53My5vcmcvMjAwMC9zdmciPjwvc3ZnPg==\" style=\"--smush-placeholder-width: 320px; --smush-placeholder-aspect-ratio: 320\/240;\" \/><\/a><\/div>\n<p style=\"text-align: justify;\">\n\u201cDesde que se anunciaba que el presidente de ese entonces, Pedro Santana en 1860, estaba en los aprestos de anexar la Rep\u00fablica a Espa\u00f1a, estaban hombres y mujeres conspirando para impedirla, y ya luego que se concretiz\u00f3, se multiplicaron los esfuerzos para crear conciencia de las consecuencias negativas que implicaba tal acto\u201d, puntualiz\u00f3 Suazo Ruiz.<\/p>\n<p>Este enfrentamiento b\u00e9lico entre nacionalistas dominicanos y espa\u00f1oles, entre los a\u00f1os 1863 y 1865, estuvo liderada por el general Santiago Rodr\u00edguez, Gregorio Luper\u00f3n, Benito Monci\u00f3n, Jos\u00e9 Cabrera, Gaspar Polanco, entre otros.<\/p>\n<p>Este 16 de agosto, el Ministerio de Defensa se prepara para con diversos actos patri\u00f3ticos, rendir tributo a los h\u00e9roes restauradores en el Pante\u00f3n de la Patria, los Monumentos a los h\u00e9roes de la Restauraci\u00f3n y Capotillo, en Santiago y Dajab\u00f3n, respectivamente.<\/p>\n<p>Fuente: Prensa MIDE<\/p>\n","protected":false},"excerpt":{"rendered":"<p>Por Felix Rubio SANTO DOMINGO.- Al arribar a los 160 a\u00f1os de la gesta de<\/p>\n","protected":false},"author":1,"featured_media":0,"comment_status":"open","ping_status":"open","sticky":false,"template":"","format":"standard","meta":{"footnotes":""},"categories":[7],"tags":[],"class_list":["post-6100","post","type-post","status-publish","format-standard","hentry","category-nacionales"],"_links":{"self":[{"href":"https:\/\/defrentealaverdad.com\/index.php\/wp-json\/wp\/v2\/posts\/6100","targetHints":{"allow":["GET"]}}],"collection":[{"href":"https:\/\/defrentealaverdad.com\/index.php\/wp-json\/wp\/v2\/posts"}],"about":[{"href":"https:\/\/defrentealaverdad.com\/index.php\/wp-json\/wp\/v2\/types\/post"}],"author":[{"embeddable":true,"href":"https:\/\/defrentealaverdad.com\/index.php\/wp-json\/wp\/v2\/users\/1"}],"replies":[{"embeddable":true,"href":"https:\/\/defrentealaverdad.com\/index.php\/wp-json\/wp\/v2\/comments?post=6100"}],"version-history":[{"count":1,"href":"https:\/\/defrentealaverdad.com\/index.php\/wp-json\/wp\/v2\/posts\/6100\/revisions"}],"predecessor-version":[{"id":6101,"href":"https:\/\/defrentealaverdad.com\/index.php\/wp-json\/wp\/v2\/posts\/6100\/revisions\/6101"}],"wp:attachment":[{"href":"https:\/\/defrentealaverdad.com\/index.php\/wp-json\/wp\/v2\/media?parent=6100"}],"wp:term":[{"taxonomy":"category","embeddable":true,"href":"https:\/\/defrentealaverdad.com\/index.php\/wp-json\/wp\/v2\/categories?post=6100"},{"taxonomy":"post_tag","embeddable":true,"href":"https:\/\/defrentealaverdad.com\/index.php\/wp-json\/wp\/v2\/tags?post=6100"}],"curies":[{"name":"wp","href":"https:\/\/api.w.org\/{rel}","templated":true}]}}