{"id":6094,"date":"2023-08-13T22:47:09","date_gmt":"2023-08-13T22:47:09","guid":{"rendered":"https:\/\/defrentealaverdad.com\/?p=6094"},"modified":"2023-08-13T22:49:39","modified_gmt":"2023-08-13T22:49:39","slug":"presidente-abinader-se-repostulara-para-las-elecciones-de-2024","status":"publish","type":"post","link":"https:\/\/defrentealaverdad.com\/index.php\/2023\/08\/13\/presidente-abinader-se-repostulara-para-las-elecciones-de-2024\/","title":{"rendered":"Presidente Abinader se repostular\u00e1 para las elecciones de 2024"},"content":{"rendered":"<div id=\"standard_2\" class=\"st-placement standard_2 inArticle\">\n<div class=\"st-adunit-inarticle st-inarticle-slot\">\n<div>\n<p style=\"text-align: justify;\">Santo Domingo. \u2013 El\u00a0presidente de la Rep\u00fablica,\u00a0Luis Abinader, confirm\u00f3 este domingo su decisi\u00f3n de repostularse para las elecciones presidenciales de 2024. El anuncio se realiz\u00f3 mediante un video difundido en las mencionadas plataformas.<\/p>\n<p style=\"text-align: justify;\"><img decoding=\"async\" class=\"aligncenter lazyload\" data-src=\"https:\/\/idmphsmkuxkn.compat.objectstorage.us-ashburn-1.oraclecloud.com\/cdn-bucket\/uploads\/2023\/08\/98f4c00c-8b4f-49d6-b6db-72920f3b7c10.jpg\" alt=\"Presidente Abinader se repostular\u00e1 para las elecciones de 2024\" src=\"data:image\/svg+xml;base64,PHN2ZyB3aWR0aD0iMSIgaGVpZ2h0PSIxIiB4bWxucz0iaHR0cDovL3d3dy53My5vcmcvMjAwMC9zdmciPjwvc3ZnPg==\" \/><\/p>\n<p style=\"text-align: justify;\">En el video, Abinader inicia con una pregunta ret\u00f3rica: \u00ab\u00bfCu\u00e1l fue el reclamo que te hizo marchar?\u00bb. La respuesta, \u00abLa honestidad\u00bb, se convierte en el eje central de su mensaje. El mandatario destaca la honestidad como el valor que le permiti\u00f3 ganar la confianza ciudadana y como el pilar de su administraci\u00f3n.<\/p>\n<p style=\"text-align: justify;\">Fuente: CDN<\/p>\n<\/div>\n<\/div>\n<div style=\"text-align: justify;\"><\/div>\n<\/div>\n","protected":false},"excerpt":{"rendered":"<p>Santo Domingo. \u2013 El\u00a0presidente de la Rep\u00fablica,\u00a0Luis Abinader, confirm\u00f3 este domingo su decisi\u00f3n de repostularse<\/p>\n","protected":false},"author":1,"featured_media":0,"comment_status":"open","ping_status":"open","sticky":false,"template":"","format":"standard","meta":{"footnotes":""},"categories":[7,12],"tags":[],"class_list":["post-6094","post","type-post","status-publish","format-standard","hentry","category-nacionales","category-politicas"],"_links":{"self":[{"href":"https:\/\/defrentealaverdad.com\/index.php\/wp-json\/wp\/v2\/posts\/6094","targetHints":{"allow":["GET"]}}],"collection":[{"href":"https:\/\/defrentealaverdad.com\/index.php\/wp-json\/wp\/v2\/posts"}],"about":[{"href":"https:\/\/defrentealaverdad.com\/index.php\/wp-json\/wp\/v2\/types\/post"}],"author":[{"embeddable":true,"href":"https:\/\/defrentealaverdad.com\/index.php\/wp-json\/wp\/v2\/users\/1"}],"replies":[{"embeddable":true,"href":"https:\/\/defrentealaverdad.com\/index.php\/wp-json\/wp\/v2\/comments?post=6094"}],"version-history":[{"count":2,"href":"https:\/\/defrentealaverdad.com\/index.php\/wp-json\/wp\/v2\/posts\/6094\/revisions"}],"predecessor-version":[{"id":6096,"href":"https:\/\/defrentealaverdad.com\/index.php\/wp-json\/wp\/v2\/posts\/6094\/revisions\/6096"}],"wp:attachment":[{"href":"https:\/\/defrentealaverdad.com\/index.php\/wp-json\/wp\/v2\/media?parent=6094"}],"wp:term":[{"taxonomy":"category","embeddable":true,"href":"https:\/\/defrentealaverdad.com\/index.php\/wp-json\/wp\/v2\/categories?post=6094"},{"taxonomy":"post_tag","embeddable":true,"href":"https:\/\/defrentealaverdad.com\/index.php\/wp-json\/wp\/v2\/tags?post=6094"}],"curies":[{"name":"wp","href":"https:\/\/api.w.org\/{rel}","templated":true}]}}