{"id":6092,"date":"2023-08-12T22:43:08","date_gmt":"2023-08-12T22:43:08","guid":{"rendered":"https:\/\/defrentealaverdad.com\/?p=6092"},"modified":"2023-08-13T22:44:57","modified_gmt":"2023-08-13T22:44:57","slug":"union-internacional-de-oficiales-y-civiles-en-ny-reconoce-al-presidente-abinader-por-avances-en-reforma-policial","status":"publish","type":"post","link":"https:\/\/defrentealaverdad.com\/index.php\/2023\/08\/12\/union-internacional-de-oficiales-y-civiles-en-ny-reconoce-al-presidente-abinader-por-avances-en-reforma-policial\/","title":{"rendered":"Uni\u00f3n Internacional de Oficiales y Civiles en NY reconoce al presidente Abinader por avances en reforma policial"},"content":{"rendered":"<p style=\"text-align: justify;\">Por Mirla Hern\u00e1ndez.<\/p>\n<p style=\"text-align: justify;\">Nueva York.-\u00a0<strong>El presidente Luis Abinader<\/strong>\u00a0fue reconocido este s\u00e1bado por la\u00a0<strong>Uni\u00f3n Internacional de Oficiales y Civiles (UIOC),<\/strong>\u00a0por los avances que ha logrado en la\u00a0<strong>Reforma de la Polic\u00eda Nacional<\/strong>\u00a0y la seguridad de la naci\u00f3n dominicana en\u00a0<strong>tan solo tres a\u00f1os de gobierno.<\/strong><\/p>\n<p style=\"text-align: justify;\">Tras recibir el reconocimiento, el mandatario agradeci\u00f3 a la Uni\u00f3n Internacional Oficial y Civiles, quienes dijo,\u00a0<strong>han estado presentes y en colaboraci\u00f3n<\/strong>\u00a0con la Reforma de la Polic\u00eda Nacional de Rep\u00fablica Dominicana, enviando varios equipos de ayuda.<\/p>\n<p style=\"text-align: justify;\"><em>\u00abTomo este reconocimiento como un impulso y un compromiso m\u00e1s para seguir cambiando la Polic\u00eda Nacional, para que sea verdaderamente eficiente, respetuosa de los derechos humanos y sobre todo que cuide la vida y los bienes de todos los dominicanos y mejorar su calidad de vida\u00bb<\/em>, manifest\u00f3 el presidente Abinader.<\/p>\n<p style=\"text-align: justify;\">Record\u00f3 que\u00a0<strong>esta reforma inici\u00f3 hace un a\u00f1o y medio\u00a0<\/strong>y agreg\u00f3 que pese a que no vendr\u00edan tiempos f\u00e1ciles, ya est\u00e1 encaminada y\u00a0<strong>se seguir\u00e1 trabajando hasta continuar haciendo una diferencia.<\/strong><\/p>\n<p style=\"text-align: justify;\"><em>\u00abPorque ese es uno de los regalos que le quiero dejar a la sociedad dominicana: una polic\u00eda reformada, una polic\u00eda que realmente pueda controlar la criminalidad y la delincuencia y al mismo tiempo, pueda respetar los derechos humanos\u00bb,<\/em>\u00a0expres\u00f3 el presidente Abinader.<\/p>\n<p style=\"text-align: justify;\">Destac\u00f3 que en su gobierno se ha mejorado significativamente en cuanto a\u00a0<strong>salario, log\u00edstica, tecnolog\u00eda<\/strong>\u00a0y tambi\u00e9n se han realizado una\u00a0<strong>reestructuraci\u00f3n gerencial<\/strong>\u00a0que est\u00e1 dando resultados.<\/p>\n<p style=\"text-align: justify;\"><em>\u00abCon la ayuda de esta uni\u00f3n internacional que desde ya hace varios meses ha estado colaborando, vamos a seguir mejorando varias \u00e1reas de la Polic\u00eda Nacional donde se necesita mayor inversi\u00f3n, como nosotros estamos planificando para el pr\u00f3ximo a\u00f1o\u00bb,<\/em>\u00a0expuso.<\/p>\n<p style=\"text-align: justify;\">El jefe de Estado finaliz\u00f3 su intervenci\u00f3n recalcando que hoy est\u00e1 m\u00e1s comprometido con mejorar la polic\u00eda y el pa\u00eds.<\/p>\n<figure class=\"wp-block-image\" style=\"text-align: justify;\"><img decoding=\"async\" data-src=\"https:\/\/presidencia.gob.do\/sites\/default\/files\/inline-images\/WhatsApp%20Image%202023-08-13%20at%2010.31.04%20AM.jpeg\" alt=\"\" src=\"data:image\/svg+xml;base64,PHN2ZyB3aWR0aD0iMSIgaGVpZ2h0PSIxIiB4bWxucz0iaHR0cDovL3d3dy53My5vcmcvMjAwMC9zdmciPjwvc3ZnPg==\" class=\"lazyload\" \/><\/figure>\n<p style=\"text-align: justify;\"><strong>Mejora de la seguridad ciudadana<\/strong><\/p>\n<p style=\"text-align: justify;\">Durante el acto, realizado en el sal\u00f3n Alumnos de la Universidad de Columbia, el presidente de la Uni\u00f3n Internacional de Oficiales y Civiles, teniente retirado\u00a0<strong>Frederick Reyes<\/strong>, expres\u00f3 que el gobierno del presidente Abinader ha mejorado la seguridad nacional tras implementar nuevas medidas en la polic\u00eda nacional.<\/p>\n<p style=\"text-align: justify;\"><em>\u00abEn los \u00faltimos tres a\u00f1os el liderazgo del presidente Luis Abinader, con su inteligencia y gran capacidad, logr\u00f3 mantener la salud del pueblo dominicano, desarrollar el sector del turismo y por ende la estabilidad econ\u00f3mica de nuestro pa\u00eds. Se\u00f1or presidente, estamos tan satisfechos con su exitosa labor, que no queremos despedirnos sin expresarle nuestro total apoyo a su gobierno y su liderazgo en el presente y, si usted lo decide, en los pr\u00f3ximos cuatro a\u00f1os\u00bb<\/em>, manifest\u00f3 Reyes.<\/p>\n<p style=\"text-align: justify;\"><strong>Entrega reconocimientos a 26 dominicanos destacados en EEUU<\/strong><\/p>\n<p style=\"text-align: justify;\">Posteriormente, el presidente Abinader reconoci\u00f3 a\u00a0<strong>26 dominicanas y dominicanos\u00a0<\/strong>destacados en Estados Unidos, por el trabajo que realizan\u00a0<strong>en favor de sus compatriotas y de la imagen del pa\u00eds<\/strong>.<\/p>\n<p style=\"text-align: justify;\">En el evento, organizado por el Instituto de Dominicanos y Dominicanas en el Exterior\u00a0<strong>(INDEX)<\/strong>, fueron distinguidos acad\u00e9micos, pol\u00edticos, artistas, deportistas, profesionales de diferentes \u00e1mbitos, l\u00edderes comunitarios y emprendedores.<\/p>\n<p style=\"text-align: justify;\">El director ejecutivo del INDEX y viceministro de Relaciones Exteriores para las Comunidades Dominicanas en el Exterior,\u00a0<strong>Carlos de la Mota<\/strong>, resalt\u00f3 que el presidente Abinader est\u00e1 en esta ciudad\u00a0<strong>reconociendo y valorizando por segunda vez las historias de los dominicanos.<\/strong><\/p>\n<p style=\"text-align: justify;\">Inform\u00f3 que, gracias al\u00a0<strong>Registro Sociodemogr\u00e1fico<\/strong>\u00a0realizado por el Instituto, el cual contabiliz\u00f3 a\u00a0<strong>2,835,593 dominicanos en el exterior<\/strong>, de los cuales\u00a0<strong>935,000 residen en Estados Unidos<\/strong>, hoy el gobierno puede dise\u00f1ar planes, programas, proyectos y todos los\u00a0<strong>esfuerzos necesarios para acompa\u00f1arles y aportar a su bienestar<\/strong>.<\/p>\n<p style=\"text-align: justify;\">Asimismo, el encargado de la oficina INDEX Nueva York,\u00a0<strong>John S\u00e1nchez<\/strong>, expres\u00f3 que hoy los dominicanos en el exterior tienen un gobierno que viene a reconocer el esfuerzo de\u00a0<strong>los dominicanos que se levantan d\u00eda a d\u00eda a trabajar poniendo la Rep\u00fablica Dominicana en alto y contribuyendo al desarrollo y el progreso del pa\u00eds.\u00a0<\/strong><\/p>\n<p style=\"text-align: justify;\">Resalt\u00f3 que desde el INDEX se han realizado alianzas estrat\u00e9gicas con instituciones gubernamentales y empresas privadas para llevar una mejor condici\u00f3n de vida a los dominicanos en el exterior con diferentes\u00a0<strong>cursos t\u00e9cnicos, clases de ingl\u00e9s, asesor\u00eda legal y migratoria<\/strong>. Agreg\u00f3 que la instituci\u00f3n ha sido sacada del anonimato y se ha convertido en una de las principales instituciones comunitarias del Estado de Nueva York.<\/p>\n<p style=\"text-align: justify;\"><strong>Galardonados<\/strong><\/p>\n<p style=\"text-align: justify;\">En el acto fueron reconocidos Milly Quezada, Richard Ram\u00f3n Peralta Hern\u00e1ndez, Fernando Teodoro Taveras, Nurys De \u00d3leo, Manny P\u00e9rez, Rafael Bello, G\u00e9nesis Peduto, C\u00e9sar Presbott, Carlos Hern\u00e1ndez Medina y Luciano Garc\u00eda-Trejo.<\/p>\n<p style=\"text-align: justify;\">Asimismo, se reconoci\u00f3 a Ram\u00f3n Fern\u00e1ndez, Nidia Iluminada Henr\u00edquez, Pedro P\u00e9rez, Dio Lluberes, Cira \u00c1ngeles, Eleazar Bueno, Iv\u00e1n Espaillat, Mar\u00eda Luna, Pedro Mej\u00eda, \u00c1ngel Mescain, Ricardo Ure\u00f1a, Rosibel Ventura Almonte, Hector O\u2019Neil y Sandra Harris. En el evento, tambi\u00e9n se hizo un homenaje p\u00f3stumo a los oficiales Jason Rivera y Wilber Mora.<\/p>\n<p style=\"text-align: justify;\"><strong>En nombre de los homenajeados habl\u00f3 Nurys De \u00d3leo<\/strong>, quien expres\u00f3 su agradecimiento al presidente Abinader por reconocer el aporte que han hecho al pa\u00eds y\u00a0<strong>exhort\u00f3 a seguir poniendo en alto la dominicanidad.<\/strong><\/p>\n<p style=\"text-align: justify;\">El evento cont\u00f3 con la presentaci\u00f3n art\u00edstica de\u00a0<strong>Milly Quezada<\/strong>\u00a0\u00abM\u00e1s Dominicana\u00bb y de\u00a0<strong>\u00cdconos Kids<\/strong>. Adem\u00e1s, se present\u00f3 cortometraje ganador del concurso\u00a0<strong>\u00abHuellas de Mi Quisqueya\u00bb.<\/strong><\/p>\n<p style=\"text-align: justify;\"><strong>Entrega de viviendas y otros encuentros<\/strong><\/p>\n<p style=\"text-align: justify;\">En horas de la ma\u00f1ana, el presidente Abinader encabez\u00f3 la entrega de\u00a0<strong>decenas de apartamentos a familias de la comunidad dominicana en Estados Unidos<\/strong>, en un acto donde anunci\u00f3 que dar\u00e1 instrucciones al Ministerio de la Presidencia, para el lanzamiento en los pr\u00f3ximos meses de un\u00a0<strong>programa especial del Plan Nacional de Viviendas Familia Feliz, para la comunidad dominicana en el exterior.<\/strong><\/p>\n<p style=\"text-align: justify;\">El mandatario tambi\u00e9n sostuvo un encuentro y se tom\u00f3 fotograf\u00edas con los ni\u00f1os de la\u00a0<strong>liga infantil de b\u00e9isbol m\u00e1s antigua de Manhattan<\/strong>, en el Inwood Hill Park.<\/p>\n<p style=\"text-align: justify;\">Asimismo, el gobernante dominicano particip\u00f3 en\u00a0<strong>un desayuno con las Seccionales y C\u00f3nsules<\/strong>, en el hotel Intercontinental New York Barclay.<\/p>\n<p style=\"text-align: justify;\">En las actividades acompa\u00f1aron al Mandatario la primera dama, Raquel Arbaje; el presidente del Senado, Eduardo Estrella; la embajadora dominicana en los Estados Unidos, Sonia Guzm\u00e1n; el c\u00f3nsul dominicano en Nueva York, Eligio J\u00e1quez; el ministro administrativo de la Presidencia, Jos\u00e9 Ignacio Paliza; el director m\u00e9dico del Hospital Presbiteriano de Nueva York, Rafael Lantigua; los vicepresidentes de la Uni\u00f3n Internacional de Oficiales y Civiles, Walquiria Cruz y Randolph Hern\u00e1ndez.<\/p>\n<p style=\"text-align: justify;\">Fuente: <strong>UIOC<\/strong><\/p>\n<p style=\"text-align: justify;\">\n","protected":false},"excerpt":{"rendered":"<p>Por Mirla Hern\u00e1ndez. Nueva York.-\u00a0El presidente Luis Abinader\u00a0fue reconocido este s\u00e1bado por la\u00a0Uni\u00f3n Internacional de<\/p>\n","protected":false},"author":4,"featured_media":0,"comment_status":"open","ping_status":"open","sticky":false,"template":"","format":"standard","meta":{"footnotes":""},"categories":[16],"tags":[],"class_list":["post-6092","post","type-post","status-publish","format-standard","hentry","category-internacionales"],"_links":{"self":[{"href":"https:\/\/defrentealaverdad.com\/index.php\/wp-json\/wp\/v2\/posts\/6092","targetHints":{"allow":["GET"]}}],"collection":[{"href":"https:\/\/defrentealaverdad.com\/index.php\/wp-json\/wp\/v2\/posts"}],"about":[{"href":"https:\/\/defrentealaverdad.com\/index.php\/wp-json\/wp\/v2\/types\/post"}],"author":[{"embeddable":true,"href":"https:\/\/defrentealaverdad.com\/index.php\/wp-json\/wp\/v2\/users\/4"}],"replies":[{"embeddable":true,"href":"https:\/\/defrentealaverdad.com\/index.php\/wp-json\/wp\/v2\/comments?post=6092"}],"version-history":[{"count":1,"href":"https:\/\/defrentealaverdad.com\/index.php\/wp-json\/wp\/v2\/posts\/6092\/revisions"}],"predecessor-version":[{"id":6093,"href":"https:\/\/defrentealaverdad.com\/index.php\/wp-json\/wp\/v2\/posts\/6092\/revisions\/6093"}],"wp:attachment":[{"href":"https:\/\/defrentealaverdad.com\/index.php\/wp-json\/wp\/v2\/media?parent=6092"}],"wp:term":[{"taxonomy":"category","embeddable":true,"href":"https:\/\/defrentealaverdad.com\/index.php\/wp-json\/wp\/v2\/categories?post=6092"},{"taxonomy":"post_tag","embeddable":true,"href":"https:\/\/defrentealaverdad.com\/index.php\/wp-json\/wp\/v2\/tags?post=6092"}],"curies":[{"name":"wp","href":"https:\/\/api.w.org\/{rel}","templated":true}]}}