{"id":6090,"date":"2023-08-13T22:42:55","date_gmt":"2023-08-13T22:42:55","guid":{"rendered":"https:\/\/defrentealaverdad.com\/?p=6090"},"modified":"2023-08-13T22:42:55","modified_gmt":"2023-08-13T22:42:55","slug":"chu-vasquez-cambio-color-uniforme-de-la-policia-es-parte-transformacion-a-que-esta-sometida-la-institucion","status":"publish","type":"post","link":"https:\/\/defrentealaverdad.com\/index.php\/2023\/08\/13\/chu-vasquez-cambio-color-uniforme-de-la-policia-es-parte-transformacion-a-que-esta-sometida-la-institucion\/","title":{"rendered":"Chu V\u00e1squez: \u00abcambio color uniforme de la Polic\u00eda es parte transformaci\u00f3n a que est\u00e1 sometida la instituci\u00f3n\u00bb"},"content":{"rendered":"<p>Por Felix Rubio<\/p>\n<div id=\"mvp-post-content\" class=\"left relative\">\n<div id=\"mvp-post-feat-img\" class=\"left relative mvp-post-feat-img-wide2\"><img decoding=\"async\" class=\"attachment- size- wp-post-image lazyload\" data-src=\"https:\/\/www.ultimasnoticias.com.do\/wp-content\/uploads\/2023\/08\/20230810_094245-scaled.jpg\" data-sizes=\"(max-width: 2560px) 100vw, 2560px\" data-srcset=\"https:\/\/www.ultimasnoticias.com.do\/wp-content\/uploads\/2023\/08\/20230810_094245-scaled.jpg 2560w, https:\/\/www.ultimasnoticias.com.do\/wp-content\/uploads\/2023\/08\/20230810_094245-300x135.jpg 300w, https:\/\/www.ultimasnoticias.com.do\/wp-content\/uploads\/2023\/08\/20230810_094245-1024x461.jpg 1024w, https:\/\/www.ultimasnoticias.com.do\/wp-content\/uploads\/2023\/08\/20230810_094245-768x346.jpg 768w, https:\/\/www.ultimasnoticias.com.do\/wp-content\/uploads\/2023\/08\/20230810_094245-1536x692.jpg 1536w, https:\/\/www.ultimasnoticias.com.do\/wp-content\/uploads\/2023\/08\/20230810_094245-2048x922.jpg 2048w\" alt=\"\" width=\"2560\" height=\"1153\" src=\"data:image\/svg+xml;base64,PHN2ZyB3aWR0aD0iMSIgaGVpZ2h0PSIxIiB4bWxucz0iaHR0cDovL3d3dy53My5vcmcvMjAwMC9zdmciPjwvc3ZnPg==\" style=\"--smush-placeholder-width: 2560px; --smush-placeholder-aspect-ratio: 2560\/1153;\" \/><\/div>\n<div id=\"mvp-content-wrap\" class=\"left relative\">\n<div id=\"mvp-content-body\" class=\"left relative\">\n<div id=\"mvp-content-body-top\" class=\"left relative\">\n<div id=\"mvp-content-main\" class=\"left relative\">\n<p>\u00a0Santo Domingo.- El ministro de Interior y Polic\u00eda,\u00a0<strong>Jes\u00fas V\u00e1squez Mart\u00ednez (Chu)<\/strong>, declar\u00f3 que el cambio de color del uniforme de la<strong>\u00a0Polic\u00eda Nacional<\/strong>\u00a0se inscribe dentro del proceso de Reforma y Transformaci\u00f3n a que est\u00e1 sometida la instituci\u00f3n por iniciativa del presidente Luis Abinader.<\/p>\n<p style=\"text-align: justify;\">\u00a0\u201cEn estos d\u00edas vendr\u00e1n informaciones muy importantes, adem\u00e1s del cambio de uniforme.\u00a0<strong>El Consejo Superior Policial\u00a0<\/strong>aprob\u00f3 ese cambio de uniforme, y pienso que enhorabuena se va a producir eso, no necesariamente va a ser ahora, solo se aprob\u00f3, eso ser\u00e1 sometido a un proceso de licitaciones, y eso no se produce inmediatamente sino oportunamente, pero la decisi\u00f3n est\u00e1 tomada\u201d, explic\u00f3 V\u00e1squez Mart\u00ednez, quien fue entrevistado por\u00a0<strong>H\u00e9ctor Herrera Cabral\u00a0<\/strong>en el programa\u00a0<strong>D\u00b4AGENDA\u00a0<\/strong>que cada domingo se difunde por Telesistema canal 11 y TV Quisqueya para los Estados Unidos,<\/p>\n<p style=\"text-align: justify;\">Dijo que el motivo de la medida es que, al gobierno hacer todos esos procesos de cambio y transformaci\u00f3n de la Polic\u00eda Nacional, lo correcto es que se haga una visi\u00f3n y una vestimenta diferente, porque ese proceso de la instituci\u00f3n del orden p\u00fablico va tocar todo, y est\u00e1 tocando todo.<\/p>\n<p>\u201cPor ejemplo, usted como ciudadano va por las calles y lo detiene un agente policial, ese polic\u00eda hoy tiene un tel\u00e9fono inteligente, y con ese dispositivo, y su c\u00e9dula, \u00e9l puede ver si usted es un ciudadano correcto o si tiene alg\u00fan tema pendiente con la justicia, nosotros estamos haciendo una verdadera transformaci\u00f3n de la Polic\u00eda Nacional, en todos los sentidos\u201d, recalc\u00f3.<\/p>\n<p style=\"text-align: justify;\">En tal sentido dijo que la unidad que existe entre todas las agencias persecutoras del Estado se re\u00fane semanalmente para determinar d\u00f3nde ocurre la mayor cantidad de delitos, d\u00edas, horas y lugares para tomar medidas preventivas.<\/p>\n<p style=\"text-align: justify;\">Sobre la cantidad de polic\u00edas que prestan servicios a particulares, V\u00e1squez Mart\u00ednez dijo que eso se ha reducido a su m\u00ednima expresi\u00f3n, se han recuperado m\u00e1s de tres mil agentes que estaban en esa situaci\u00f3n, y otros han resistido y han pedido las bajas y se le han concedido.<\/p>\n<h2 style=\"text-align: justify;\"><strong>Explica porqu\u00e9 presidente Abinader visita cada lunes la PN<\/strong><\/h2>\n<p style=\"text-align: justify;\">Santo Domingo,- El ministro de<strong>\u00a0Interior y Polic\u00eda<\/strong>\u00a0asegur\u00f3 que el\u00a0<strong>presidente Luis Abinader<\/strong>\u00a0va cada lunes al\u00a0<strong>Cuartel General de la Polic\u00eda Nacional<\/strong>\u00a0porque la importa la vida de un solo ser humano que pueda perder la vida en un acto delincuencial.<\/p>\n<p style=\"text-align: justify;\">V\u00e1squez Mart\u00ednez sostiene que un solo robo que se produzca en cualquier punto de la Rep\u00fablica Dominicana es de preocupaci\u00f3n para el primer mandatario de la naci\u00f3n.<\/p>\n<p style=\"text-align: justify;\">Agreg\u00f3 que Abinader es un presidente que est\u00e1 empoderado de servir a los dominicanos y que le duele cada vez que pasa un caso en el territorio nacional, sin importar que la v\u00edctima sea dominicano o de cualquier parte del mundo.<\/p>\n<p style=\"text-align: justify;\">El funcionario explic\u00f3 que el mandatario va todos los lunes a la Polic\u00eda para asegurarse que todos los planes y programas que se han dise\u00f1ados para enfrentar el crimen y el delito se est\u00e9n implementando debidamente.<\/p>\n<p style=\"text-align: justify;\">Dijo que en esas reuniones tambi\u00e9n se dise\u00f1an pol\u00edticas para ir a ejecutar acciones tendentes a mejorar la seguridad en una determinada demarcaci\u00f3n que se haya detectado alg\u00fan pico de las acciones criminales y delictivas.<\/p>\n<p style=\"text-align: justify;\">\u201cEs que tenemos un presidente comprometido con este pa\u00eds, que est\u00e1 dando su mejor esfuerzo por el bien colectivo de la Rep\u00fablica Dominicana, un presidente que, si le importa la vida de un solo ser humano, de un solo dominicano que pueda perder la vida en un acto delincuencial, que un solo robo que se produzca es de preocupaci\u00f3n, que le duele lo que le pase en el pa\u00eds a un ciudadano dominicano o de cualquier parte del mundo\u201d, insisti\u00f3 Chu V\u00e1squez.<\/p>\n<p style=\"text-align: justify;\">Reiter\u00f3 que \u201c va a la Polic\u00eda Nacional para \u00e9l, personalmente, percatarse, y asegurar que todos los programas que hemos dise\u00f1ados en esta Estrategia de Seguridad Ciudadana, y estas acciones combinadas de las instituciones que luchan contra el crimen, se le d\u00e9 seguimiento\u201d.<\/p>\n<p style=\"text-align: justify;\">\u201cY esto est\u00e1 dando resultados espectaculares, y van a seguir as\u00ed, pueden producirse en alg\u00fan momento un pico, como siempre se produce, pero este esfuerzo que se est\u00e1 haciendo, este trabajo que se est\u00e1 haciendo, sin lugar a dudas, nos permitir\u00e1 a nosotros seguir un proceso de reducci\u00f3n del crimen y el delito en la Rep\u00fablica Dominicana\u201d, apostill\u00f3.<\/p>\n<p style=\"text-align: justify;\">Recalc\u00f3 que lo que se est\u00e1 viendo, producto de esas visitas, son los resultados que se est\u00e1n obteniendo, \u201ccomo ya tenemos la tecnolog\u00eda que necesitamos para poder identificar el delito, y por primera vez en la historia dominicana est\u00e1 trabajando con todas las instituciones del Estado que tiene que ver con la persecuci\u00f3n al crimen, nunca antes se hab\u00eda producido una articulaci\u00f3n entre el<strong>\u00a0Ministerio P\u00fablico,<\/strong>\u00a0la Polic\u00eda y la<strong>\u00a0Direcci\u00f3n de Control de Drogas<\/strong>\u00a0en una sola direcci\u00f3n de lucha contra ese flagelo, y los lunes el presidente va para ori qu\u00e9 ha pasado en cada uno de los principales 11 territorios del pa\u00eds en materia del crimen\u201d.<\/p>\n<p style=\"text-align: justify;\">\u201cEs decir, por qu\u00e9 en\u00a0<strong>San Pedro de Macor\u00eds<\/strong>\u00a0en estos d\u00edas se nos dispararon los robos, cu\u00e1les cosas est\u00e1n fallando, y entonces nosotros dise\u00f1ar pol\u00edticas para ejecutar acciones tendentes a mejorar la seguridad en ese territorio\u201d, subray\u00f3.<\/p>\n<\/div>\n<p>Fuente: Ultima Hora RD<\/p>\n<\/div>\n<\/div>\n<\/div>\n<\/div>\n<p style=\"text-align: justify;\">\n","protected":false},"excerpt":{"rendered":"<p>Por Felix Rubio \u00a0Santo Domingo.- El ministro de Interior y Polic\u00eda,\u00a0Jes\u00fas V\u00e1squez Mart\u00ednez (Chu), declar\u00f3<\/p>\n","protected":false},"author":1,"featured_media":0,"comment_status":"open","ping_status":"open","sticky":false,"template":"","format":"standard","meta":{"footnotes":""},"categories":[7],"tags":[],"class_list":["post-6090","post","type-post","status-publish","format-standard","hentry","category-nacionales"],"_links":{"self":[{"href":"https:\/\/defrentealaverdad.com\/index.php\/wp-json\/wp\/v2\/posts\/6090","targetHints":{"allow":["GET"]}}],"collection":[{"href":"https:\/\/defrentealaverdad.com\/index.php\/wp-json\/wp\/v2\/posts"}],"about":[{"href":"https:\/\/defrentealaverdad.com\/index.php\/wp-json\/wp\/v2\/types\/post"}],"author":[{"embeddable":true,"href":"https:\/\/defrentealaverdad.com\/index.php\/wp-json\/wp\/v2\/users\/1"}],"replies":[{"embeddable":true,"href":"https:\/\/defrentealaverdad.com\/index.php\/wp-json\/wp\/v2\/comments?post=6090"}],"version-history":[{"count":1,"href":"https:\/\/defrentealaverdad.com\/index.php\/wp-json\/wp\/v2\/posts\/6090\/revisions"}],"predecessor-version":[{"id":6091,"href":"https:\/\/defrentealaverdad.com\/index.php\/wp-json\/wp\/v2\/posts\/6090\/revisions\/6091"}],"wp:attachment":[{"href":"https:\/\/defrentealaverdad.com\/index.php\/wp-json\/wp\/v2\/media?parent=6090"}],"wp:term":[{"taxonomy":"category","embeddable":true,"href":"https:\/\/defrentealaverdad.com\/index.php\/wp-json\/wp\/v2\/categories?post=6090"},{"taxonomy":"post_tag","embeddable":true,"href":"https:\/\/defrentealaverdad.com\/index.php\/wp-json\/wp\/v2\/tags?post=6090"}],"curies":[{"name":"wp","href":"https:\/\/api.w.org\/{rel}","templated":true}]}}