{"id":6088,"date":"2023-08-13T22:38:56","date_gmt":"2023-08-13T22:38:56","guid":{"rendered":"https:\/\/defrentealaverdad.com\/?p=6088"},"modified":"2023-08-13T22:40:31","modified_gmt":"2023-08-13T22:40:31","slug":"inicia-playas-limpias-y-bosques-vivos-campana-del-cesac-en-apoyo-al-proyecto-protegiendo-nuestro-futuro-de-adeofa","status":"publish","type":"post","link":"https:\/\/defrentealaverdad.com\/index.php\/2023\/08\/13\/inicia-playas-limpias-y-bosques-vivos-campana-del-cesac-en-apoyo-al-proyecto-protegiendo-nuestro-futuro-de-adeofa\/","title":{"rendered":"Inicia \u00a1Playas limpias y bosques vivos! campa\u00f1a del CESAC en apoyo al proyecto \u00abprotegiendo nuestro futuro\u00bb de ADEOFA"},"content":{"rendered":"<p style=\"text-align: justify;\">Por Felix Rubio<\/p>\n<p style=\"text-align: justify;\"><img decoding=\"async\" data-src=\"https:\/\/cesac.mil.do\/wp-content\/uploads\/2023\/08\/Imagen-de-WhatsApp-2023-08-12-a-las-18.26.52.jpg\" src=\"data:image\/svg+xml;base64,PHN2ZyB3aWR0aD0iMSIgaGVpZ2h0PSIxIiB4bWxucz0iaHR0cDovL3d3dy53My5vcmcvMjAwMC9zdmciPjwvc3ZnPg==\" class=\"lazyload\" \/><\/p>\n<p style=\"text-align: justify;\">En apoyo al proyecto de reciclaje que lleva a cabo la Asociaci\u00f3n de Esposas de Oficiales de las Fuerzas Armadas (ADEOFA), el Cuerpo Especializado en Seguridad Aeroportuaria y de la Aviaci\u00f3n Civil CESAC participa en la jornada de limpieza y reciclaje de la plaza Juan Bar\u00f3n.<\/p>\n<p style=\"text-align: justify;\">Durante la actividad y en el marco del referido proyecto de ADEOFA denominado \u00abProtegiendo nuestro Futuro\u00bb, presidida por la Sra Wendy de D\u00edaz, esposa ministro de defensa, teniente general Carlos Luciano D\u00edaz Morfa ERD, , el CESAC dio a conocer la campa\u00f1a: \u00a1Playas limpias y bosques vivos!<\/p>\n<p style=\"text-align: justify;\">El general de brigada piloto Floreal Su\u00e1rez Mart\u00ednez FARD, director general del CESAC destac\u00f3 la importancia de aportar como familia institucional al pa\u00eds en materia de Responsabilidad Social y hoy estamos aqu\u00ed para retirar los pl\u00e1sticos y dem\u00e1s desechos s\u00f3lidos del litoral de esta plaza.<\/p>\n<p style=\"text-align: justify;\">Su\u00e1rez Mart\u00ednez inform\u00f3 que los pl\u00e1sticos que se recojan ser\u00e1n depositados en el Ministerio de Defensa y desde all\u00ed , ADEOFA entregar\u00e1 a una compa\u00f1\u00eda de reciclaje.<\/p>\n<p style=\"text-align: justify;\">En la actividad, participan cerca de 300 colaboradores, quienes divididos por equipo realizan la tarea de dejar impecable esta orilla del mar Caribe, ubicada en el Malec\u00f3n de Santo Domingo, Distrito Nacional.<\/p>\n<p style=\"text-align: justify;\">El Director del CESAC anunci\u00f3 que el s\u00e1bado 18 de octubre se llevar\u00e1 a cabo la misma jornada, pero en un bosque nacional.<\/p>\n<p style=\"text-align: justify;\">Fuente: Prensa ADEOFA<\/p>\n","protected":false},"excerpt":{"rendered":"<p>Por Felix Rubio En apoyo al proyecto de reciclaje que lleva a cabo la Asociaci\u00f3n<\/p>\n","protected":false},"author":1,"featured_media":0,"comment_status":"open","ping_status":"open","sticky":false,"template":"","format":"standard","meta":{"footnotes":""},"categories":[7],"tags":[],"class_list":["post-6088","post","type-post","status-publish","format-standard","hentry","category-nacionales"],"_links":{"self":[{"href":"https:\/\/defrentealaverdad.com\/index.php\/wp-json\/wp\/v2\/posts\/6088","targetHints":{"allow":["GET"]}}],"collection":[{"href":"https:\/\/defrentealaverdad.com\/index.php\/wp-json\/wp\/v2\/posts"}],"about":[{"href":"https:\/\/defrentealaverdad.com\/index.php\/wp-json\/wp\/v2\/types\/post"}],"author":[{"embeddable":true,"href":"https:\/\/defrentealaverdad.com\/index.php\/wp-json\/wp\/v2\/users\/1"}],"replies":[{"embeddable":true,"href":"https:\/\/defrentealaverdad.com\/index.php\/wp-json\/wp\/v2\/comments?post=6088"}],"version-history":[{"count":1,"href":"https:\/\/defrentealaverdad.com\/index.php\/wp-json\/wp\/v2\/posts\/6088\/revisions"}],"predecessor-version":[{"id":6089,"href":"https:\/\/defrentealaverdad.com\/index.php\/wp-json\/wp\/v2\/posts\/6088\/revisions\/6089"}],"wp:attachment":[{"href":"https:\/\/defrentealaverdad.com\/index.php\/wp-json\/wp\/v2\/media?parent=6088"}],"wp:term":[{"taxonomy":"category","embeddable":true,"href":"https:\/\/defrentealaverdad.com\/index.php\/wp-json\/wp\/v2\/categories?post=6088"},{"taxonomy":"post_tag","embeddable":true,"href":"https:\/\/defrentealaverdad.com\/index.php\/wp-json\/wp\/v2\/tags?post=6088"}],"curies":[{"name":"wp","href":"https:\/\/api.w.org\/{rel}","templated":true}]}}