{"id":6084,"date":"2023-08-13T22:35:30","date_gmt":"2023-08-13T22:35:30","guid":{"rendered":"https:\/\/defrentealaverdad.com\/?p=6084"},"modified":"2023-08-13T22:36:54","modified_gmt":"2023-08-13T22:36:54","slug":"celebran-misa-por-el-24-aniversario-de-fundacion-de-las-empresas-distribuidoras-de-electricidad-ede","status":"publish","type":"post","link":"https:\/\/defrentealaverdad.com\/index.php\/2023\/08\/13\/celebran-misa-por-el-24-aniversario-de-fundacion-de-las-empresas-distribuidoras-de-electricidad-ede\/","title":{"rendered":"Celebran misa por el 24 aniversario de fundaci\u00f3n de las Empresas Distribuidoras de Electricidad (EDE)"},"content":{"rendered":"<p><img decoding=\"async\" class=\"size-medium wp-image-6085 alignleft lazyload\" data-src=\"https:\/\/defrentealaverdad.com\/wp-content\/uploads\/2023\/08\/WhatsApp-Image-2023-08-13-at-10.01.54-300x214.jpeg\" alt=\"\" width=\"300\" height=\"214\" data-srcset=\"https:\/\/defrentealaverdad.com\/wp-content\/uploads\/2023\/08\/WhatsApp-Image-2023-08-13-at-10.01.54-300x214.jpeg 300w, https:\/\/defrentealaverdad.com\/wp-content\/uploads\/2023\/08\/WhatsApp-Image-2023-08-13-at-10.01.54-768x549.jpeg 768w, https:\/\/defrentealaverdad.com\/wp-content\/uploads\/2023\/08\/WhatsApp-Image-2023-08-13-at-10.01.54.jpeg 1024w\" data-sizes=\"(max-width: 300px) 100vw, 300px\" src=\"data:image\/svg+xml;base64,PHN2ZyB3aWR0aD0iMSIgaGVpZ2h0PSIxIiB4bWxucz0iaHR0cDovL3d3dy53My5vcmcvMjAwMC9zdmciPjwvc3ZnPg==\" style=\"--smush-placeholder-width: 300px; --smush-placeholder-aspect-ratio: 300\/214;\" \/><\/p>\n<p style=\"text-align: justify;\">Santo Domingo.- El Consejo Unificado de las Empresas Distribuidoras de Electricidad (CUED) ofreci\u00f3 una misa en Acci\u00f3n de Gracias en conmemoraci\u00f3n del 24 aniversario de la fundaci\u00f3n las empresas Edesur, Edenorte y Edeeste.<\/p>\n<p style=\"text-align: justify;\">La Eucarist\u00eda fue oficiada por el padre Jos\u00e9 Arismendy De Le\u00f3n Helena en la Parroquia San Judas Tadeo del sector Naco, quien llam\u00f3 a los colaboradores de las EDES a trabajar con humildad por un servicio de calidad para el bien com\u00fan.<\/p>\n<p style=\"text-align: justify;\">La misa de Acci\u00f3n de Gracias cont\u00f3 con la presencia de miembros del Gabinete El\u00e9ctrico, el CUED, y los administradores de las EDES, Milton Morrison, Andr\u00e9s Cueto y Manuel Mej\u00eda Naut. En tanto, el presidente del CUED, Manuel Bonilla Dominici, exhort\u00f3 a los administradores de la Distribuidoras de Electricidad a seguir trabajando para fortalecer el Sistema de Distribuci\u00f3n de Electricidad Nacional.<\/p>\n<p style=\"text-align: justify;\"><em>\u201cDamos gracias por estos 24 a\u00f1os de servicio al pa\u00eds y por los miles de miembros de la Empresas Distribuidoras de Electricidad, que se encuentran siempre dispuestos a enfrentar cualquier situaci\u00f3n para brindar sus servicios a la poblaci\u00f3n\u00bb,<\/em> indic\u00f3 Bonilla.<\/p>\n<p style=\"text-align: justify;\">Adem\u00e1s, llam\u00f3 al CUED a continuar trabajando unidos para lograr la sostenibilidad de las EDES y la modernizaci\u00f3n y profesionalidad de las instituciones. En la Celebraci\u00f3n estuvieron presentes, Andr\u00e9s Astacio, superintendente de Electricidad (SIE); Alfonso Rodr\u00edguez, viceministro de Ahorro Energ\u00e9tico Gubernamental del Ministerio de Energ\u00eda y Minas (MEM); Manuel San Pablo, gerente general del Sistema El\u00e9ctrico Nacional Interconectado (SENI); Edward Veras, director ejecutivo de la Comisi\u00f3n Nacional de Energ\u00eda (CNE); as\u00ed como ejecutivos y personalidades vinculadas al sector energ\u00e9tico.<\/p>\n<p style=\"text-align: justify;\"><strong>Sobre el CUED<\/strong><\/p>\n<p style=\"text-align: justify;\">El Consejo Unificado de las Empresas Distribuidoras de Electricidad fue creado en 2020 y es el \u00f3rgano de administraci\u00f3n de las Empresas Distribuidoras (Edesur, Edeeste y Edenorte), cuya denominaci\u00f3n e integraci\u00f3n fue establecida mediante el Decreto 342 del 16 de agosto del 2020.<\/p>\n<p style=\"text-align: justify;\">\n<p>Fuente: Prensa CUE<\/p>\n","protected":false},"excerpt":{"rendered":"<p>Santo Domingo.- El Consejo Unificado de las Empresas Distribuidoras de Electricidad (CUED) ofreci\u00f3 una misa<\/p>\n","protected":false},"author":1,"featured_media":0,"comment_status":"open","ping_status":"open","sticky":false,"template":"","format":"standard","meta":{"footnotes":""},"categories":[7],"tags":[],"class_list":["post-6084","post","type-post","status-publish","format-standard","hentry","category-nacionales"],"_links":{"self":[{"href":"https:\/\/defrentealaverdad.com\/index.php\/wp-json\/wp\/v2\/posts\/6084","targetHints":{"allow":["GET"]}}],"collection":[{"href":"https:\/\/defrentealaverdad.com\/index.php\/wp-json\/wp\/v2\/posts"}],"about":[{"href":"https:\/\/defrentealaverdad.com\/index.php\/wp-json\/wp\/v2\/types\/post"}],"author":[{"embeddable":true,"href":"https:\/\/defrentealaverdad.com\/index.php\/wp-json\/wp\/v2\/users\/1"}],"replies":[{"embeddable":true,"href":"https:\/\/defrentealaverdad.com\/index.php\/wp-json\/wp\/v2\/comments?post=6084"}],"version-history":[{"count":2,"href":"https:\/\/defrentealaverdad.com\/index.php\/wp-json\/wp\/v2\/posts\/6084\/revisions"}],"predecessor-version":[{"id":6087,"href":"https:\/\/defrentealaverdad.com\/index.php\/wp-json\/wp\/v2\/posts\/6084\/revisions\/6087"}],"wp:attachment":[{"href":"https:\/\/defrentealaverdad.com\/index.php\/wp-json\/wp\/v2\/media?parent=6084"}],"wp:term":[{"taxonomy":"category","embeddable":true,"href":"https:\/\/defrentealaverdad.com\/index.php\/wp-json\/wp\/v2\/categories?post=6084"},{"taxonomy":"post_tag","embeddable":true,"href":"https:\/\/defrentealaverdad.com\/index.php\/wp-json\/wp\/v2\/tags?post=6084"}],"curies":[{"name":"wp","href":"https:\/\/api.w.org\/{rel}","templated":true}]}}