{"id":6058,"date":"2023-08-08T23:35:59","date_gmt":"2023-08-08T23:35:59","guid":{"rendered":"https:\/\/defrentealaverdad.com\/?p=6058"},"modified":"2023-08-08T23:36:15","modified_gmt":"2023-08-08T23:36:15","slug":"gobernacion-de-san-juan-reqliza-taller-en-relaciones-publicas","status":"publish","type":"post","link":"https:\/\/defrentealaverdad.com\/index.php\/2023\/08\/08\/gobernacion-de-san-juan-reqliza-taller-en-relaciones-publicas\/","title":{"rendered":"Gobernaci\u00f3n de San Juan realiza taller en Relaciones P\u00fablicas"},"content":{"rendered":"<p style=\"text-align: justify;\"><img decoding=\"async\" class=\"alignright lazyload\" data-src=\"https:\/\/blogger.googleusercontent.com\/img\/b\/R29vZ2xl\/AVvXsEiqjSR-Vj28a_QMIbSTxlGA9M25oR6aQ8jYD6IExu-TYUysGxyvmvlaOCH789g78feykwGwTTp6LmVzx2Oer2OTzG8HwULLRiXUKibe_d4dMTBRO7Ub2iQ5DkrS_Zspz1bHIbPfAN6IJytXr-DaK8Qp9f_-bRN3NIvknpZzt1UXYhYHroUsAEQ4FRL8-ho\/s320\/20230808_164512.jpg\" src=\"data:image\/svg+xml;base64,PHN2ZyB3aWR0aD0iMSIgaGVpZ2h0PSIxIiB4bWxucz0iaHR0cDovL3d3dy53My5vcmcvMjAwMC9zdmciPjwvc3ZnPg==\" \/>San Juan de la Maguana. &#8211; La Gobernaci\u00f3n Provincial de San Juan, inici\u00f3 una jornada de capacitaci\u00f3n a personal que labora en las \u00e1reas de Relaciones P\u00fablicas del gobierno.<\/p>\n<p style=\"text-align: justify;\">La primera jornada se imparti\u00f3 este martes a una parte del personal con un taller denominado <strong>\u00abIntroducci\u00f3n a las Relaciones P\u00fablicas, Una Vsi\u00f3n desde el Sector Gubernamental\u00bb.<\/strong><\/p>\n<p style=\"text-align: justify;\">El mismo fue elaborado y facilitado por el comunicador social Fabio Montes de Oca (Favio Junior), quien agradeci\u00f3 a la gobernadora Elvira Corpor\u00e1n, por tener esa visi\u00f3n de preparar e integrar la Comunicaci\u00f3n Gubernamental en la provincia, capacitando a su personal.<\/p>\n<p style=\"text-align: justify;\">De su parte Elvira Corpor\u00e1n, dijo sentirse comprometida con el gobierno encabezado por Luis Abinader y como persona que entiende la importancia de la comunicaci\u00f3n y de llevar a informaci\u00f3n fidedigna al pueblo sobre las ejecutorias gubernamentales, desde la gobernaci\u00f3n se ha propuesto aportar a la formaci\u00f3n de quienes tienen esa responsabilidad.<\/p>\n<p style=\"text-align: justify;\">Los primeros participantes del taller dijeron sentirse satisfecho con los conocimientos adquiridos y aplaudieron la iniciativa de la gobernadora Elvira Corpor\u00e1n y solicitaron una segunda parte del mismo y que a se siga con los que no participaron en esta primera jornada.<\/p>\n<p style=\"text-align: justify;\">En el taller se tocaron varios temas como: or\u00edgenes de las Relaciones P\u00fablicas, sus funciones, responsabilidad del relacionista p\u00fablico, herramientas, la comunicaci\u00f3n gubernamental y las redes sociales.<\/p>\n<p style=\"text-align: justify;\">Se hizo un an\u00e1lisis de la importancia que tienen las Relaciones P\u00fablicas para el \u00e9xito o fracaso de una gesti\u00f3n y la raz\u00f3n de porque se debe invertir en esa \u00e1rea.<\/p>\n<p style=\"text-align: justify;\">Fuente: Actualidad con FJ<\/p>\n","protected":false},"excerpt":{"rendered":"<p>San Juan de la Maguana. &#8211; La Gobernaci\u00f3n Provincial de San Juan, inici\u00f3 una jornada<\/p>\n","protected":false},"author":1,"featured_media":0,"comment_status":"open","ping_status":"open","sticky":false,"template":"","format":"standard","meta":{"footnotes":""},"categories":[7],"tags":[],"class_list":["post-6058","post","type-post","status-publish","format-standard","hentry","category-nacionales"],"_links":{"self":[{"href":"https:\/\/defrentealaverdad.com\/index.php\/wp-json\/wp\/v2\/posts\/6058","targetHints":{"allow":["GET"]}}],"collection":[{"href":"https:\/\/defrentealaverdad.com\/index.php\/wp-json\/wp\/v2\/posts"}],"about":[{"href":"https:\/\/defrentealaverdad.com\/index.php\/wp-json\/wp\/v2\/types\/post"}],"author":[{"embeddable":true,"href":"https:\/\/defrentealaverdad.com\/index.php\/wp-json\/wp\/v2\/users\/1"}],"replies":[{"embeddable":true,"href":"https:\/\/defrentealaverdad.com\/index.php\/wp-json\/wp\/v2\/comments?post=6058"}],"version-history":[{"count":2,"href":"https:\/\/defrentealaverdad.com\/index.php\/wp-json\/wp\/v2\/posts\/6058\/revisions"}],"predecessor-version":[{"id":6060,"href":"https:\/\/defrentealaverdad.com\/index.php\/wp-json\/wp\/v2\/posts\/6058\/revisions\/6060"}],"wp:attachment":[{"href":"https:\/\/defrentealaverdad.com\/index.php\/wp-json\/wp\/v2\/media?parent=6058"}],"wp:term":[{"taxonomy":"category","embeddable":true,"href":"https:\/\/defrentealaverdad.com\/index.php\/wp-json\/wp\/v2\/categories?post=6058"},{"taxonomy":"post_tag","embeddable":true,"href":"https:\/\/defrentealaverdad.com\/index.php\/wp-json\/wp\/v2\/tags?post=6058"}],"curies":[{"name":"wp","href":"https:\/\/api.w.org\/{rel}","templated":true}]}}