{"id":6041,"date":"2023-08-03T13:24:56","date_gmt":"2023-08-03T13:24:56","guid":{"rendered":"https:\/\/defrentealaverdad.com\/?p=6041"},"modified":"2023-08-03T13:24:56","modified_gmt":"2023-08-03T13:24:56","slug":"museo-anuncia-conferencia-la-fundacion-de-la-ciudad-de-santo-domingo-525-anos-de-historia","status":"publish","type":"post","link":"https:\/\/defrentealaverdad.com\/index.php\/2023\/08\/03\/museo-anuncia-conferencia-la-fundacion-de-la-ciudad-de-santo-domingo-525-anos-de-historia\/","title":{"rendered":"Museo Anuncia conferencia \u201cLa Fundaci\u00f3n de la Ciudad de Santo Domingo: 525 A\u00f1os de Historia\u201d"},"content":{"rendered":"<p style=\"text-align: justify;\"><strong><img decoding=\"async\" class=\"alignright lazyload\" data-src=\"https:\/\/kabina34radio.com\/wp-content\/uploads\/2023\/08\/Jose%CC%81-G.-Guerrero.jpg\" width=\"568\" height=\"363\" src=\"data:image\/svg+xml;base64,PHN2ZyB3aWR0aD0iMSIgaGVpZ2h0PSIxIiB4bWxucz0iaHR0cDovL3d3dy53My5vcmcvMjAwMC9zdmciPjwvc3ZnPg==\" style=\"--smush-placeholder-width: 568px; --smush-placeholder-aspect-ratio: 568\/363;\" \/>Santo Domingo.-<\/strong>\u00a0El Museo Nacional de Historia y Geograf\u00eda (MNHG) ofrecer\u00e1 la conferencia\u00a0<strong>\u201cLa Fundaci\u00f3n de la Ciudad de Santo Domingo: 525 A\u00f1os de Historia\u201d,\u00a0<\/strong>\u00a0a cargo del historiador Jos\u00e9 G. Guerrero, este viernes 04 de agosto, a las 11:00 de la ma\u00f1ana, en la sede del museo.<\/p>\n<p style=\"text-align: justify;\">La ciudad de Santo Domingo fue fundada el d\u00eda cinco de agosto de 1498, por Bartolom\u00e9 Col\u00f3n, en la orilla oriental del r\u00edo Ozama, en el actual barrio de Villa Duarte. Fue declarada por la UNESCO Patrimonio de la Humanidad en 1990.<\/p>\n<p style=\"text-align: justify;\">El doctor Jos\u00e9 Guillermo Guerrero\u00a0S\u00e1nchez cuenta con una larga trayectoria como catedr\u00e1tico, comunicador e historiador. Es miembro de la Academia Dominicana de la Historia y de la Academia de las Ciencias, as\u00ed como profesor de Historia y Antropolog\u00eda en la Universidad Aut\u00f3noma de Santo Domingo (UASD), donde obtuvo la licenciatura en Historia. Posteriormente, concluy\u00f3 una Maestr\u00eda en R\u00edo de Janeiro, Brasil.<\/p>\n<p style=\"text-align: justify;\">Guerrero S\u00e1nchez ha impartido docencia en la Universidad Central del Este, la Universidad Federal de R\u00edo de Janeiro, el Instituto de Cultura Puertorrique\u00f1a, el Instituto Tecnol\u00f3gico de Santo Domingo (INTEC), en la Universidad Cat\u00f3lica de Santo Domingo y la Universidad Aut\u00f3noma de Santo Domingo (UASD). Igualmente, fue vicedecano de la Facultad de Filosof\u00eda de la UASD. Actualmente, funge como director del Museo Nacional de Historia y Geograf\u00eda (MNHG).<\/p>\n<p style=\"text-align: justify;\">Para la conferencia\u00a0<strong>\u201cLa Fundaci\u00f3n de la Ciudad de Santo Domingo: 525 A\u00f1os de Historia\u201d,\u00a0<\/strong>el Museo tendr\u00e1 disponibilidad de parqueos en el lado sur del Teatro Nacional, pr\u00f3ximo a la calle C\u00e9sar Nicol\u00e1s Penson, entrando por la avenida M\u00e1ximo G\u00f3mez, Plaza de la Cultura Juan Pablo Duarte, en Santo Domingo.<\/p>\n<p style=\"text-align: justify;\">El Museo Nacional de Historia y Geograf\u00eda (MNHG) est\u00e1 abierto al p\u00fablico de martes a s\u00e1bado, en horario de 10:00 a. m. a 6:00 p. m. Para mayor informaci\u00f3n pueden acceder a su perfil de Instagram: @museohistoriaygeografiard.<\/p>\n<p style=\"text-align: justify;\">\n<p style=\"text-align: justify;\">Fuente: Prensa MNHG<\/p>\n","protected":false},"excerpt":{"rendered":"<p>Santo Domingo.-\u00a0El Museo Nacional de Historia y Geograf\u00eda (MNHG) ofrecer\u00e1 la conferencia\u00a0\u201cLa Fundaci\u00f3n de la<\/p>\n","protected":false},"author":2,"featured_media":0,"comment_status":"open","ping_status":"open","sticky":false,"template":"","format":"standard","meta":{"footnotes":""},"categories":[7],"tags":[],"class_list":["post-6041","post","type-post","status-publish","format-standard","hentry","category-nacionales"],"_links":{"self":[{"href":"https:\/\/defrentealaverdad.com\/index.php\/wp-json\/wp\/v2\/posts\/6041","targetHints":{"allow":["GET"]}}],"collection":[{"href":"https:\/\/defrentealaverdad.com\/index.php\/wp-json\/wp\/v2\/posts"}],"about":[{"href":"https:\/\/defrentealaverdad.com\/index.php\/wp-json\/wp\/v2\/types\/post"}],"author":[{"embeddable":true,"href":"https:\/\/defrentealaverdad.com\/index.php\/wp-json\/wp\/v2\/users\/2"}],"replies":[{"embeddable":true,"href":"https:\/\/defrentealaverdad.com\/index.php\/wp-json\/wp\/v2\/comments?post=6041"}],"version-history":[{"count":1,"href":"https:\/\/defrentealaverdad.com\/index.php\/wp-json\/wp\/v2\/posts\/6041\/revisions"}],"predecessor-version":[{"id":6042,"href":"https:\/\/defrentealaverdad.com\/index.php\/wp-json\/wp\/v2\/posts\/6041\/revisions\/6042"}],"wp:attachment":[{"href":"https:\/\/defrentealaverdad.com\/index.php\/wp-json\/wp\/v2\/media?parent=6041"}],"wp:term":[{"taxonomy":"category","embeddable":true,"href":"https:\/\/defrentealaverdad.com\/index.php\/wp-json\/wp\/v2\/categories?post=6041"},{"taxonomy":"post_tag","embeddable":true,"href":"https:\/\/defrentealaverdad.com\/index.php\/wp-json\/wp\/v2\/tags?post=6041"}],"curies":[{"name":"wp","href":"https:\/\/api.w.org\/{rel}","templated":true}]}}