{"id":5998,"date":"2023-08-02T13:03:46","date_gmt":"2023-08-02T13:03:46","guid":{"rendered":"https:\/\/defrentealaverdad.com\/?p=5998"},"modified":"2023-08-02T13:03:46","modified_gmt":"2023-08-02T13:03:46","slug":"jp-talks-la-nueva-plataforma-de-jimenez-pena","status":"publish","type":"post","link":"https:\/\/defrentealaverdad.com\/index.php\/2023\/08\/02\/jp-talks-la-nueva-plataforma-de-jimenez-pena\/","title":{"rendered":"JP Talks: La nueva plataforma de Jim\u00e9nez Pe\u00f1a"},"content":{"rendered":"<p style=\"font-weight: 400; text-align: justify;\"><strong>Santo Domingo,\u00a0<\/strong><strong>01 de agosto\u00a0del 2023<\/strong>:\u00a0La firma de abogados\u00a0Jim\u00e9nez Pe\u00f1a, anuncia el lanzamiento de JP Talks, una plataforma innovadora creada para responder las principales inquietudes de\u00a0los\u00a0usuarios relacionadas al \u00e1mbito legal.<\/p>\n<p><img decoding=\"async\" class=\"size-medium wp-image-5999 alignright lazyload\" data-src=\"https:\/\/defrentealaverdad.com\/wp-content\/uploads\/2023\/08\/Julio-Cano-Rosa-Diaz-y-Magistrado-Samuel-Arias-Arzeno-300x225.jpg\" alt=\"\" width=\"300\" height=\"225\" data-srcset=\"https:\/\/defrentealaverdad.com\/wp-content\/uploads\/2023\/08\/Julio-Cano-Rosa-Diaz-y-Magistrado-Samuel-Arias-Arzeno-300x225.jpg 300w, https:\/\/defrentealaverdad.com\/wp-content\/uploads\/2023\/08\/Julio-Cano-Rosa-Diaz-y-Magistrado-Samuel-Arias-Arzeno-1024x768.jpg 1024w, https:\/\/defrentealaverdad.com\/wp-content\/uploads\/2023\/08\/Julio-Cano-Rosa-Diaz-y-Magistrado-Samuel-Arias-Arzeno-768x576.jpg 768w, https:\/\/defrentealaverdad.com\/wp-content\/uploads\/2023\/08\/Julio-Cano-Rosa-Diaz-y-Magistrado-Samuel-Arias-Arzeno-1536x1152.jpg 1536w, https:\/\/defrentealaverdad.com\/wp-content\/uploads\/2023\/08\/Julio-Cano-Rosa-Diaz-y-Magistrado-Samuel-Arias-Arzeno-2048x1536.jpg 2048w, https:\/\/defrentealaverdad.com\/wp-content\/uploads\/2023\/08\/Julio-Cano-Rosa-Diaz-y-Magistrado-Samuel-Arias-Arzeno-720x540.jpg 720w\" data-sizes=\"(max-width: 300px) 100vw, 300px\" src=\"data:image\/svg+xml;base64,PHN2ZyB3aWR0aD0iMSIgaGVpZ2h0PSIxIiB4bWxucz0iaHR0cDovL3d3dy53My5vcmcvMjAwMC9zdmciPjwvc3ZnPg==\" style=\"--smush-placeholder-width: 300px; --smush-placeholder-aspect-ratio: 300\/225;\" \/><\/p>\n<p style=\"font-weight: 400; text-align: justify;\">JP Talks, creada por JP Advisors, Abogados y Asesores de Negocios, es un podcast de actualidad legal, enfocado en novedades regulatorias, legislativas, jurisprudenciales y temas legales en los negocios en general. El objetivo de esta\u00a0herramienta\u00a0es compartir conocimientos pr\u00e1cticos basados en su experiencia como firma de abogados l\u00edder en el pa\u00eds.<\/p>\n<p style=\"font-weight: 400; text-align: justify;\">\u201c<em>Como firma, nos sentimos orgullosos de anunciar el lanzamiento de JP Talks, que responde a nuestro principal compromiso de hacer que el usuario est\u00e9 informado correctamente del marco legal\u00a0<\/em><em>correspondiente\u00a0a los desaf\u00edos actuales<\/em>\u201d, expres\u00f3\u00a0Katherine Rosa, Socia de la Firma.<\/p>\n<p style=\"font-weight: 400; text-align: justify;\">La plataforma promueve informaciones que ayudan al usuario a manejar de forma creativa el desarrollo de sus actividades comerciales, y obtener resultados \u00f3ptimos dentro del marco legal vigente, con la participaci\u00f3n de profesionales de Jim\u00e9nez Pe\u00f1a, empresas aliadas, y otros expertos del derecho y los negocios.<\/p>\n<p style=\"font-weight: 400; text-align: justify;\">JP Talks se proyecta como una herramienta valiosa para clientes, colegas, estudiantes y profesionales del derecho y los negocios, que buscan mantenerse actualizados sobre las tendencias y los desaf\u00edos del mundo legal en la Rep\u00fablica Dominicana y en otros pa\u00edses de la regi\u00f3n, est\u00e1 disponible en las principales plataformas de streaming como Spotify, Apple Podcasts y Google Podcasts.<\/p>\n<p style=\"font-weight: 400; text-align: justify;\"><strong>Sobre Jim\u00e9nez Pe\u00f1a<\/strong><\/p>\n<p style=\"font-weight: 400; text-align: justify;\">Establecida en el a\u00f1o 2003, Jim\u00e9nez Pe\u00f1a es una de las firmas de abogados internacionales m\u00e1s grandes de la Rep\u00fablica Dominicana. Contamos con un veterano talento y todos los recursos necesarios para manejar cualquier reto legal que la comunidad empresarial local y global pueda enfrentar en la Rep\u00fablica Dominicana.<\/p>\n<p style=\"font-weight: 400; text-align: justify;\">Los socios de JP ofrecen d\u00e9cadas de experiencia y conocimientos adquiridos a trav\u00e9s de la pr\u00e1ctica en un mercado emergente, transmiten su buen criterio empresarial a los asociados, quienes lo combinan con su educaci\u00f3n legal de alto nivel para destacar en su \u00e1rea.<\/p>\n<p style=\"font-weight: 400; text-align: justify;\">La firma y sus abogados han recibido un alto posicionamiento en Chambers Global; Chambers Latin Am\u00e9rica; The Legal 500 Latin Am\u00e9rica; ILFR 1000, Latin Lawyer 250 y Who\u2019s Who Legal. Nuestros socios y asociados figuran en una o m\u00e1s de estas publicaciones de gran prestigio internacional.<\/p>\n<p style=\"font-weight: 400; text-align: justify;\">\n<p style=\"font-weight: 400; text-align: justify;\">Fuente:\u00a0Laura Minyetty (<a href=\"mailto:lminyetty@beltcom.com\">lminyetty@beltcom.com)<\/a><\/p>\n","protected":false},"excerpt":{"rendered":"<p>Santo Domingo,\u00a001 de agosto\u00a0del 2023:\u00a0La firma de abogados\u00a0Jim\u00e9nez Pe\u00f1a, anuncia el lanzamiento de JP Talks,<\/p>\n","protected":false},"author":2,"featured_media":0,"comment_status":"open","ping_status":"open","sticky":false,"template":"","format":"standard","meta":{"footnotes":""},"categories":[7],"tags":[],"class_list":["post-5998","post","type-post","status-publish","format-standard","hentry","category-nacionales"],"_links":{"self":[{"href":"https:\/\/defrentealaverdad.com\/index.php\/wp-json\/wp\/v2\/posts\/5998","targetHints":{"allow":["GET"]}}],"collection":[{"href":"https:\/\/defrentealaverdad.com\/index.php\/wp-json\/wp\/v2\/posts"}],"about":[{"href":"https:\/\/defrentealaverdad.com\/index.php\/wp-json\/wp\/v2\/types\/post"}],"author":[{"embeddable":true,"href":"https:\/\/defrentealaverdad.com\/index.php\/wp-json\/wp\/v2\/users\/2"}],"replies":[{"embeddable":true,"href":"https:\/\/defrentealaverdad.com\/index.php\/wp-json\/wp\/v2\/comments?post=5998"}],"version-history":[{"count":1,"href":"https:\/\/defrentealaverdad.com\/index.php\/wp-json\/wp\/v2\/posts\/5998\/revisions"}],"predecessor-version":[{"id":6000,"href":"https:\/\/defrentealaverdad.com\/index.php\/wp-json\/wp\/v2\/posts\/5998\/revisions\/6000"}],"wp:attachment":[{"href":"https:\/\/defrentealaverdad.com\/index.php\/wp-json\/wp\/v2\/media?parent=5998"}],"wp:term":[{"taxonomy":"category","embeddable":true,"href":"https:\/\/defrentealaverdad.com\/index.php\/wp-json\/wp\/v2\/categories?post=5998"},{"taxonomy":"post_tag","embeddable":true,"href":"https:\/\/defrentealaverdad.com\/index.php\/wp-json\/wp\/v2\/tags?post=5998"}],"curies":[{"name":"wp","href":"https:\/\/api.w.org\/{rel}","templated":true}]}}