{"id":5986,"date":"2023-07-31T13:09:39","date_gmt":"2023-07-31T13:09:39","guid":{"rendered":"https:\/\/defrentealaverdad.com\/?p=5986"},"modified":"2023-07-31T13:09:39","modified_gmt":"2023-07-31T13:09:39","slug":"comandante-general-febrillet-junto-a-la-presidente-aeofar-celebran-dia-de-los-padres","status":"publish","type":"post","link":"https:\/\/defrentealaverdad.com\/index.php\/2023\/07\/31\/comandante-general-febrillet-junto-a-la-presidente-aeofar-celebran-dia-de-los-padres\/","title":{"rendered":"Comandante general Febrillet junto a la presidente AEOFAR celebran D\u00eda de los Padres"},"content":{"rendered":"<p style=\"text-align: justify;\">Por Felix Rubio<\/p>\n<p style=\"text-align: justify;\">El Comandante General de la Fuerza A\u00e9rea de Rep\u00fablica Dominicana Mayor General T\u00e9cnico de Aviaci\u00f3n Carlos Ramon Febrillet Rodr\u00edguez junto, a la presidenta de la Asociaci\u00f3n de esposas de Oficiales, ing. Menc\u00eda Ortiz de Febrillet, realizan fiesta del d\u00eda de los padre en la Base A\u00e9rea de San Isidro<\/p>\n<p>\u00a1CELEBRAMOS! Con un almuerzo especial en el Club para Oficiales de la Base A\u00e9rea San Isidro (BASI).<\/p>\n<p><a href=\"https:\/\/blogger.googleusercontent.com\/img\/b\/R29vZ2xl\/AVvXsEgsTxfz-I1d6RxEIpqKFSUdF7XC8aJoR2sLQ-PMoZU-bcDOnoP1wsy9pzP96EaI5NN8e0FiHu-yj1Wj-IpmukKOoi_oPXM5aGWIMDt2r1dDA6w9RykjDhjplPMQPv5HgAU_UGrlEXiJyEx2jKl37_xmPhfzFo_6mr1-bYYcv0ZIBTMAtz-JJTI0b68RZi8\/s1024\/IMG-20230730-WA0186.jpg\"><img decoding=\"async\" title=\"IMG-20230730-WA0186\" data-src=\"https:\/\/blogger.googleusercontent.com\/img\/b\/R29vZ2xl\/AVvXsEgsTxfz-I1d6RxEIpqKFSUdF7XC8aJoR2sLQ-PMoZU-bcDOnoP1wsy9pzP96EaI5NN8e0FiHu-yj1Wj-IpmukKOoi_oPXM5aGWIMDt2r1dDA6w9RykjDhjplPMQPv5HgAU_UGrlEXiJyEx2jKl37_xmPhfzFo_6mr1-bYYcv0ZIBTMAtz-JJTI0b68RZi8\/s320\/IMG-20230730-WA0186.jpg\" alt=\"IMG-20230730-WA0186\" src=\"data:image\/svg+xml;base64,PHN2ZyB3aWR0aD0iMSIgaGVpZ2h0PSIxIiB4bWxucz0iaHR0cDovL3d3dy53My5vcmcvMjAwMC9zdmciPjwvc3ZnPg==\" class=\"lazyload\" \/><\/a><\/p>\n<p>-ANFITRIONES: el Mayor General,T\u00e9c. de Av. Carlos R. Febrillet Rodr\u00edguez, Comandante General de la #FARD????\ufe0f???????? y su esposa Ing. Menc\u00eda Ortiz de Febrillet, presidenta de @aeofard<\/p>\n<p><a href=\"https:\/\/blogger.googleusercontent.com\/img\/b\/R29vZ2xl\/AVvXsEjWfPHlbUnwkCWIOyClvMQ85264KeUf9V0JnUYkGOfByLODNG3ggC_nrcF5FCQ50yNUYi_JThmbpTUx8zp1Wc_iLWL7GjVjVuAKg5gqTRSd1QNpMT6DVAmuuOBDpBlvzT7PwjatnoHeXZF5fOmVX923Rl6owglyeTNzxAnw4fhV1jYM9iXSaXkxE5lxK_M\/s1024\/IMG-20230730-WA0189.jpg\"><img decoding=\"async\" title=\"IMG-20230730-WA0189\" data-src=\"https:\/\/blogger.googleusercontent.com\/img\/b\/R29vZ2xl\/AVvXsEjWfPHlbUnwkCWIOyClvMQ85264KeUf9V0JnUYkGOfByLODNG3ggC_nrcF5FCQ50yNUYi_JThmbpTUx8zp1Wc_iLWL7GjVjVuAKg5gqTRSd1QNpMT6DVAmuuOBDpBlvzT7PwjatnoHeXZF5fOmVX923Rl6owglyeTNzxAnw4fhV1jYM9iXSaXkxE5lxK_M\/s320\/IMG-20230730-WA0189.jpg\" alt=\"IMG-20230730-WA0189\" src=\"data:image\/svg+xml;base64,PHN2ZyB3aWR0aD0iMSIgaGVpZ2h0PSIxIiB4bWxucz0iaHR0cDovL3d3dy53My5vcmcvMjAwMC9zdmciPjwvc3ZnPg==\" class=\"lazyload\" \/><\/a><\/p>\n<p>El Evento Incluy\u00f3 premios y m\u00fasica en vivo: La participaci\u00f3n de djmariposard y la lainsuperable. Tambien estuvo presente la\u00a0orquesta de la Fard<br \/>\n<a href=\"https:\/\/blogger.googleusercontent.com\/img\/b\/R29vZ2xl\/AVvXsEiVC2KRhB_rrtJ3bAaIg4aCU1B926KftTG813tUTwC-DPi-hTwgI2IluuxfZpDAIo6Wg6PmicwM-KMDcxHmxJBYp1zgh9Vy4TLtsC8vMKHrFRaqGFUpO8kPNVqZoDcRz98zjUns5TSgHWjujgZSrj-1PUa5Haaaijyhry6GXSQClECNVxMfxs28bNwOTjM\/s1024\/IMG-20230730-WA0191.jpg\"><img decoding=\"async\" title=\"IMG-20230730-WA0191\" data-src=\"https:\/\/blogger.googleusercontent.com\/img\/b\/R29vZ2xl\/AVvXsEiVC2KRhB_rrtJ3bAaIg4aCU1B926KftTG813tUTwC-DPi-hTwgI2IluuxfZpDAIo6Wg6PmicwM-KMDcxHmxJBYp1zgh9Vy4TLtsC8vMKHrFRaqGFUpO8kPNVqZoDcRz98zjUns5TSgHWjujgZSrj-1PUa5Haaaijyhry6GXSQClECNVxMfxs28bNwOTjM\/s320\/IMG-20230730-WA0191.jpg\" alt=\"IMG-20230730-WA0191\" src=\"data:image\/svg+xml;base64,PHN2ZyB3aWR0aD0iMSIgaGVpZ2h0PSIxIiB4bWxucz0iaHR0cDovL3d3dy53My5vcmcvMjAwMC9zdmciPjwvc3ZnPg==\" class=\"lazyload\" \/><\/a><\/p>\n<p>Un nuevo gesto del alto mando para demostrar la importancia de los soldados del aire y agradecimiento por tu incansable labor.<\/p>\n<p style=\"text-align: justify;\">Fuente: Prensa AEOFAR<\/p>\n","protected":false},"excerpt":{"rendered":"<p>Por Felix Rubio El Comandante General de la Fuerza A\u00e9rea de Rep\u00fablica Dominicana Mayor General<\/p>\n","protected":false},"author":1,"featured_media":0,"comment_status":"open","ping_status":"open","sticky":false,"template":"","format":"standard","meta":{"footnotes":""},"categories":[7],"tags":[],"class_list":["post-5986","post","type-post","status-publish","format-standard","hentry","category-nacionales"],"_links":{"self":[{"href":"https:\/\/defrentealaverdad.com\/index.php\/wp-json\/wp\/v2\/posts\/5986","targetHints":{"allow":["GET"]}}],"collection":[{"href":"https:\/\/defrentealaverdad.com\/index.php\/wp-json\/wp\/v2\/posts"}],"about":[{"href":"https:\/\/defrentealaverdad.com\/index.php\/wp-json\/wp\/v2\/types\/post"}],"author":[{"embeddable":true,"href":"https:\/\/defrentealaverdad.com\/index.php\/wp-json\/wp\/v2\/users\/1"}],"replies":[{"embeddable":true,"href":"https:\/\/defrentealaverdad.com\/index.php\/wp-json\/wp\/v2\/comments?post=5986"}],"version-history":[{"count":1,"href":"https:\/\/defrentealaverdad.com\/index.php\/wp-json\/wp\/v2\/posts\/5986\/revisions"}],"predecessor-version":[{"id":5987,"href":"https:\/\/defrentealaverdad.com\/index.php\/wp-json\/wp\/v2\/posts\/5986\/revisions\/5987"}],"wp:attachment":[{"href":"https:\/\/defrentealaverdad.com\/index.php\/wp-json\/wp\/v2\/media?parent=5986"}],"wp:term":[{"taxonomy":"category","embeddable":true,"href":"https:\/\/defrentealaverdad.com\/index.php\/wp-json\/wp\/v2\/categories?post=5986"},{"taxonomy":"post_tag","embeddable":true,"href":"https:\/\/defrentealaverdad.com\/index.php\/wp-json\/wp\/v2\/tags?post=5986"}],"curies":[{"name":"wp","href":"https:\/\/api.w.org\/{rel}","templated":true}]}}