{"id":5984,"date":"2023-07-31T13:07:53","date_gmt":"2023-07-31T13:07:53","guid":{"rendered":"https:\/\/defrentealaverdad.com\/?p=5984"},"modified":"2023-07-31T13:07:53","modified_gmt":"2023-07-31T13:07:53","slug":"digev-amplia-y-remoza-escuela-vocacional-de-la-romana-anuncian-la-construccion-de-una-nueva-para-higuey","status":"publish","type":"post","link":"https:\/\/defrentealaverdad.com\/index.php\/2023\/07\/31\/digev-amplia-y-remoza-escuela-vocacional-de-la-romana-anuncian-la-construccion-de-una-nueva-para-higuey\/","title":{"rendered":"DIGEV amplia y remoza Escuela Vocacional de La Romana; anuncian la construcci\u00f3n de una nueva para Higuey"},"content":{"rendered":"<p style=\"text-align: justify;\">Por Felix Rubio<\/p>\n<p style=\"text-align: justify;\"><img decoding=\"async\" class=\"aligncenter lazyload\" data-src=\"https:\/\/www.rdlaverdad.com\/wp-content\/uploads\/2023\/07\/IMG-20230731-WA0075-1024x683.jpg\" src=\"data:image\/svg+xml;base64,PHN2ZyB3aWR0aD0iMSIgaGVpZ2h0PSIxIiB4bWxucz0iaHR0cDovL3d3dy53My5vcmcvMjAwMC9zdmciPjwvc3ZnPg==\" style=\"--smush-placeholder-width: 1024px; --smush-placeholder-aspect-ratio: 1024\/683;\" \/><\/p>\n<p style=\"text-align: justify;\">El director general de las Escuelas Vocacionales de las Fuerzas Armadas y de la Polic\u00eda Nacional(DIGEV), Mayor General ERD., Juan Jos\u00e9 Ota\u00f1o Jim\u00e9nez; encabez\u00f3 aqu\u00ed este fin de semana el acto de inauguraci\u00f3n de la ampliaci\u00f3n y remozamiento de la Escuela Vocacional de La Romana, as\u00ed como el cierre de varios talleres t\u00e9cnicos.<\/p>\n<p style=\"text-align: justify;\">Al dar a conocer la informaci\u00f3n, el titular de la instituci\u00f3n formativa indic\u00f3 que la ampliaci\u00f3n y remozamiento incluy\u00f3 la construcci\u00f3n de dos nuevas aulas para talleres de cocina y tapicer\u00eda, as\u00ed como nuevas \u00e1reas de cafeter\u00eda y comedor en donde se impartir\u00e1n nuevas acciones formativas.<\/p>\n<p style=\"text-align: justify;\">Asimismo, inform\u00f3 de la conclusi\u00f3n de varios cursos t\u00e9cnicos, en donde fueron formados unos 80 nuevos t\u00e9cnicos; 30 en tapicer\u00eda, 25 en cocina, 25 en hoteler\u00eda, los cuales podr\u00e1n insertarse a trabajar en los hoteles y restaurantes de la zona tur\u00edstica u emprender sus propios negocios.<\/p>\n<p style=\"text-align: justify;\">Al acto de inauguraci\u00f3n y remozamiento de las citadas instalaciones educativas asisti\u00f3 el Senador de La Altagracia, Virgilio Cedano Cedano, quien anunci\u00f3 la construcci\u00f3n de una nueva escuela Vocacional para esa provincia tur\u00edstica.<\/p>\n<p style=\"text-align: justify;\">En esa direcci\u00f3n, el legislador de Higuey revel\u00f3 que trabaja de la mano con el Mayor General ERD., Ota\u00f1o Jim\u00e9nez, director de la DIGEV, para lograr lo m\u00e1s pronto posible la construcci\u00f3n de esa edificaci\u00f3n para seguir impulsando el desarrollo tur\u00edstico en la regi\u00f3n Este.<\/p>\n<p style=\"text-align: justify;\">\u201cYa tenemos los terrenos, hicimos el dise\u00f1o de los planos, solo estamos a la espera del desembolso de los recursos econ\u00f3micos que har\u00e1 el Poder Ejecutivo en los pr\u00f3ximos d\u00edas para iniciar el levantamiento de la infraestructura\u201d, adelant\u00f3 el senador Cedano Cedano.<\/p>\n<p style=\"text-align: justify;\">Dijo que en esa regi\u00f3n conformada por los municipios de Higuey, La Romana, San Pedro de Macor\u00eds y Miches, entre otras zonas, es donde se recibe el 60 por ciento de los turistas que llegan al pa\u00eds, por lo que es una necesidad la construcci\u00f3n de una nueva escuela vocacional en esa provincia para seguir preparando la mano obra t\u00e9cnica especializada.<\/p>\n<p style=\"text-align: justify;\">\n<p style=\"text-align: justify;\">Fuente: Prensa DIGEV<\/p>\n","protected":false},"excerpt":{"rendered":"<p>Por Felix Rubio El director general de las Escuelas Vocacionales de las Fuerzas Armadas y<\/p>\n","protected":false},"author":1,"featured_media":0,"comment_status":"open","ping_status":"open","sticky":false,"template":"","format":"standard","meta":{"footnotes":""},"categories":[7],"tags":[],"class_list":["post-5984","post","type-post","status-publish","format-standard","hentry","category-nacionales"],"_links":{"self":[{"href":"https:\/\/defrentealaverdad.com\/index.php\/wp-json\/wp\/v2\/posts\/5984","targetHints":{"allow":["GET"]}}],"collection":[{"href":"https:\/\/defrentealaverdad.com\/index.php\/wp-json\/wp\/v2\/posts"}],"about":[{"href":"https:\/\/defrentealaverdad.com\/index.php\/wp-json\/wp\/v2\/types\/post"}],"author":[{"embeddable":true,"href":"https:\/\/defrentealaverdad.com\/index.php\/wp-json\/wp\/v2\/users\/1"}],"replies":[{"embeddable":true,"href":"https:\/\/defrentealaverdad.com\/index.php\/wp-json\/wp\/v2\/comments?post=5984"}],"version-history":[{"count":1,"href":"https:\/\/defrentealaverdad.com\/index.php\/wp-json\/wp\/v2\/posts\/5984\/revisions"}],"predecessor-version":[{"id":5985,"href":"https:\/\/defrentealaverdad.com\/index.php\/wp-json\/wp\/v2\/posts\/5984\/revisions\/5985"}],"wp:attachment":[{"href":"https:\/\/defrentealaverdad.com\/index.php\/wp-json\/wp\/v2\/media?parent=5984"}],"wp:term":[{"taxonomy":"category","embeddable":true,"href":"https:\/\/defrentealaverdad.com\/index.php\/wp-json\/wp\/v2\/categories?post=5984"},{"taxonomy":"post_tag","embeddable":true,"href":"https:\/\/defrentealaverdad.com\/index.php\/wp-json\/wp\/v2\/tags?post=5984"}],"curies":[{"name":"wp","href":"https:\/\/api.w.org\/{rel}","templated":true}]}}