{"id":5961,"date":"2023-07-29T00:51:26","date_gmt":"2023-07-29T00:51:26","guid":{"rendered":"https:\/\/defrentealaverdad.com\/?p=5961"},"modified":"2023-07-30T00:56:36","modified_gmt":"2023-07-30T00:56:36","slug":"mide-inaugura-vivero-de-palmas-de-coco-en-sede-1era-brigada-del-ejercito","status":"publish","type":"post","link":"https:\/\/defrentealaverdad.com\/index.php\/2023\/07\/29\/mide-inaugura-vivero-de-palmas-de-coco-en-sede-1era-brigada-del-ejercito\/","title":{"rendered":"MIDE Inaugura vivero de palmas de coco en sede 1era brigada del Ej\u00e9rcito"},"content":{"rendered":"<p style=\"text-align: justify;\">Por F\u00e9lix Rubio<\/p>\n<p><img decoding=\"async\" class=\"size-medium wp-image-5962 aligncenter lazyload\" data-src=\"https:\/\/defrentealaverdad.com\/wp-content\/uploads\/2023\/07\/Screenshot_2023-07-29_210452-300x274.jpg\" alt=\"\" width=\"300\" height=\"274\" data-srcset=\"https:\/\/defrentealaverdad.com\/wp-content\/uploads\/2023\/07\/Screenshot_2023-07-29_210452-300x274.jpg 300w, https:\/\/defrentealaverdad.com\/wp-content\/uploads\/2023\/07\/Screenshot_2023-07-29_210452-768x700.jpg 768w, https:\/\/defrentealaverdad.com\/wp-content\/uploads\/2023\/07\/Screenshot_2023-07-29_210452.jpg 804w\" data-sizes=\"(max-width: 300px) 100vw, 300px\" src=\"data:image\/svg+xml;base64,PHN2ZyB3aWR0aD0iMSIgaGVpZ2h0PSIxIiB4bWxucz0iaHR0cDovL3d3dy53My5vcmcvMjAwMC9zdmciPjwvc3ZnPg==\" style=\"--smush-placeholder-width: 300px; --smush-placeholder-aspect-ratio: 300\/274;\" \/><\/p>\n<p style=\"text-align: justify;\">PEDRO BRAND.- Los ministerios de Defensa (MIDE) y Agricultura inauguraron un moderno vivero de palmas de coco, iniciativa que se une a los proyectos agr\u00edcolas auto sostenibles de las Fuerzas Armadas, en apoyo a la econom\u00eda local y el bienestar de los soldados y sus familiares directos.<\/p>\n<p style=\"text-align: justify;\">La actividad fue encabezada por los ministros de Defensa, teniente general Carlos Luciano D\u00edaz Morfa, ERD, el de Agricultura, Lic. Limber Cruz L\u00f3pez y el ministro de Interior y Polic\u00eda, Sr. Jes\u00fas V\u00e1squez Mart\u00ednez. Tambi\u00e9n particip\u00f3 el viceministro de producci\u00f3n y mercadeo de la cartera agr\u00edcola, Eulalio Ram\u00edrez, quien resalt\u00f3 el compromiso de impulsar este y otros tipos de cultivos frutales en el pa\u00eds.<\/p>\n<p style=\"text-align: justify;\">El vivero est\u00e1 ubicado en el Material B\u00e9lico de las Fuerzas Armadas, donde el coronel Francisco A. Cruz Amezquita, intendente general de esta unidad, explic\u00f3 que el coco es de gran importancia para el pa\u00eds, ya que se han estado importando alrededor de 30 millones de este tipo de cocos.<\/p>\n<p style=\"text-align: justify;\">Expres\u00f3 que \u201cnuestras instituciones tienen un gran compromiso con este proyecto ideado hace dos a\u00f1os y gracias a Dios hoy pudo concretizarse, en beneficio de los soldados\u201d.<\/p>\n<p style=\"text-align: justify;\">Entre las especies de cocos a desarrollar se encuentran el Alto de atl\u00e9tico, Malaya enano y el Enano brasile\u00f1o, cuyas caracter\u00edsticas son importantes para la propagaci\u00f3n y el desarrollo del cultivo.<\/p>\n<p style=\"text-align: justify;\">Durante el acto tambi\u00e9n estuvieron presentes el expresidente de la Rep\u00fablica, ingeniero agr\u00f3nomo Hip\u00f3lito Mej\u00eda Dom\u00ednguez; oficiales generales y almirantes del Estado Mayor General de las Fuerzas Armadas, as\u00ed como otras autoridades civiles y militares.<\/p>\n<p style=\"text-align: justify;\">Fuente: Prensa MIDE<\/p>\n<p style=\"text-align: justify;\">\n<p style=\"text-align: justify;\">\n<p style=\"text-align: justify;\">\n<p style=\"text-align: justify;\">\n<p style=\"text-align: justify;\">\n<p style=\"text-align: justify;\">\n","protected":false},"excerpt":{"rendered":"<p>Por F\u00e9lix Rubio PEDRO BRAND.- Los ministerios de Defensa (MIDE) y Agricultura inauguraron un moderno<\/p>\n","protected":false},"author":1,"featured_media":0,"comment_status":"open","ping_status":"open","sticky":false,"template":"","format":"standard","meta":{"footnotes":""},"categories":[233],"tags":[],"class_list":["post-5961","post","type-post","status-publish","format-standard","hentry","category-medio-ambiente"],"_links":{"self":[{"href":"https:\/\/defrentealaverdad.com\/index.php\/wp-json\/wp\/v2\/posts\/5961","targetHints":{"allow":["GET"]}}],"collection":[{"href":"https:\/\/defrentealaverdad.com\/index.php\/wp-json\/wp\/v2\/posts"}],"about":[{"href":"https:\/\/defrentealaverdad.com\/index.php\/wp-json\/wp\/v2\/types\/post"}],"author":[{"embeddable":true,"href":"https:\/\/defrentealaverdad.com\/index.php\/wp-json\/wp\/v2\/users\/1"}],"replies":[{"embeddable":true,"href":"https:\/\/defrentealaverdad.com\/index.php\/wp-json\/wp\/v2\/comments?post=5961"}],"version-history":[{"count":1,"href":"https:\/\/defrentealaverdad.com\/index.php\/wp-json\/wp\/v2\/posts\/5961\/revisions"}],"predecessor-version":[{"id":5963,"href":"https:\/\/defrentealaverdad.com\/index.php\/wp-json\/wp\/v2\/posts\/5961\/revisions\/5963"}],"wp:attachment":[{"href":"https:\/\/defrentealaverdad.com\/index.php\/wp-json\/wp\/v2\/media?parent=5961"}],"wp:term":[{"taxonomy":"category","embeddable":true,"href":"https:\/\/defrentealaverdad.com\/index.php\/wp-json\/wp\/v2\/categories?post=5961"},{"taxonomy":"post_tag","embeddable":true,"href":"https:\/\/defrentealaverdad.com\/index.php\/wp-json\/wp\/v2\/tags?post=5961"}],"curies":[{"name":"wp","href":"https:\/\/api.w.org\/{rel}","templated":true}]}}