{"id":5942,"date":"2023-07-29T22:17:10","date_gmt":"2023-07-29T22:17:10","guid":{"rendered":"https:\/\/defrentealaverdad.com\/?p=5942"},"modified":"2023-07-29T22:17:10","modified_gmt":"2023-07-29T22:17:10","slug":"ministerio-de-defensa-y-el-instituto-tecnologico-de-las-americas-firman-convenio-de-profesionalizacion-tecnologica-a-traves-de-la-junta-de-retiro-y-fondo-de-pensiones-de-las-fuerzas-armadas","status":"publish","type":"post","link":"https:\/\/defrentealaverdad.com\/index.php\/2023\/07\/29\/ministerio-de-defensa-y-el-instituto-tecnologico-de-las-americas-firman-convenio-de-profesionalizacion-tecnologica-a-traves-de-la-junta-de-retiro-y-fondo-de-pensiones-de-las-fuerzas-armadas\/","title":{"rendered":"Ministerio de Defensa y el Instituto Tecnol\u00f3gico de las Am\u00e9ricas firman convenio de profesionalizaci\u00f3n tecnol\u00f3gica a trav\u00e9s de la Junta de Retiro y Fondo de Pensiones de las Fuerzas Armadas"},"content":{"rendered":"<p>Por Felix Rubio<\/p>\n<p><img decoding=\"async\" class=\"size-medium wp-image-5943 aligncenter lazyload\" data-src=\"https:\/\/defrentealaverdad.com\/wp-content\/uploads\/2023\/07\/Screenshot_2023-07-29_181904-300x205.jpg\" alt=\"\" width=\"300\" height=\"205\" data-srcset=\"https:\/\/defrentealaverdad.com\/wp-content\/uploads\/2023\/07\/Screenshot_2023-07-29_181904-300x205.jpg 300w, https:\/\/defrentealaverdad.com\/wp-content\/uploads\/2023\/07\/Screenshot_2023-07-29_181904-768x525.jpg 768w, https:\/\/defrentealaverdad.com\/wp-content\/uploads\/2023\/07\/Screenshot_2023-07-29_181904.jpg 966w\" data-sizes=\"(max-width: 300px) 100vw, 300px\" src=\"data:image\/svg+xml;base64,PHN2ZyB3aWR0aD0iMSIgaGVpZ2h0PSIxIiB4bWxucz0iaHR0cDovL3d3dy53My5vcmcvMjAwMC9zdmciPjwvc3ZnPg==\" style=\"--smush-placeholder-width: 300px; --smush-placeholder-aspect-ratio: 300\/205;\" \/><\/p>\n<p>Distrito Nacional. &#8211; El Ministerio de Defensa (MIDE), a trav\u00e9s de la Junta de Retiro y Fondo de Pensiones de las Fuerzas Armadas (JRFPFFAA), y el Instituto Tecnol\u00f3gico de las Am\u00e9ricas (ITLA) sellaron un trascendental convenio de profesionalizaci\u00f3n tecnol\u00f3gica para el personal militar activo, retirado y sus familiares, con el objetivo de impulsar el desarrollo profesional y el acceso a las nuevas tecnolog\u00edas del \u00e1rea de la salud.<\/p>\n<p>Este acuerdo, respaldado por la intenci\u00f3n del excelent\u00edsimo presidente constitucional de la rep\u00fablica, Lu\u00eds Rodolfo Abinader Corona, autoridad suprema de las Fuerzas Armadas y la Polic\u00eda Nacional, busca mejorar las condiciones de vida del militar, especialmente en su honrosa situaci\u00f3n de retiro, a trav\u00e9s de los servicios tecnol\u00f3gicos de salud y programas formativos disponibles.<\/p>\n<p>La colaboraci\u00f3n interinstitucional se enmarca en el cumplimiento de la disposici\u00f3n emanada del Poder Ejecutivo, y es liderada por el ministro de Defensa, teniente general Carlos Luciano D\u00edaz Morfa, ERD, y el mayor general Julio Cesar A. Hern\u00e1ndez Olivero, ERD, presidente de la Junta de Retiro y Fondo de Pensiones de las Fuerzas Armadas, dando cumplimiento a la misi\u00f3n de mejorar la calidad de vida de nuestros valientes miembros en la honrosa situaci\u00f3n de retiro.<\/p>\n<p><img decoding=\"async\" class=\"size-medium wp-image-5944 aligncenter lazyload\" data-src=\"https:\/\/defrentealaverdad.com\/wp-content\/uploads\/2023\/07\/Screenshot_2023-07-29_181841-300x192.jpg\" alt=\"\" width=\"300\" height=\"192\" data-srcset=\"https:\/\/defrentealaverdad.com\/wp-content\/uploads\/2023\/07\/Screenshot_2023-07-29_181841-300x192.jpg 300w, https:\/\/defrentealaverdad.com\/wp-content\/uploads\/2023\/07\/Screenshot_2023-07-29_181841-1024x655.jpg 1024w, https:\/\/defrentealaverdad.com\/wp-content\/uploads\/2023\/07\/Screenshot_2023-07-29_181841-768x491.jpg 768w, https:\/\/defrentealaverdad.com\/wp-content\/uploads\/2023\/07\/Screenshot_2023-07-29_181841.jpg 1060w\" data-sizes=\"(max-width: 300px) 100vw, 300px\" src=\"data:image\/svg+xml;base64,PHN2ZyB3aWR0aD0iMSIgaGVpZ2h0PSIxIiB4bWxucz0iaHR0cDovL3d3dy53My5vcmcvMjAwMC9zdmciPjwvc3ZnPg==\" style=\"--smush-placeholder-width: 300px; --smush-placeholder-aspect-ratio: 300\/192;\" \/><\/p>\n<p>Se establecer\u00e1 una alianza estrat\u00e9gica para definir acciones que permitan llevar innovaci\u00f3n tecnol\u00f3gica a los miembros de la JRFPFFAA, especialmente a aquellos en la honrosa situaci\u00f3n de retiro, y a sus familiares directos, con el objetivo de que puedan incorporarse en la vida civil con nuevas y mejores oportunidades, permiti\u00e9ndoles formarse en \u00e1reas de tecnolog\u00eda, cursando programas de estudios para obtener t\u00edtulos de Educaci\u00f3n T\u00e9cnica Superior y\/o Educaci\u00f3n Permanente en el Instituto Tecnol\u00f3gico de las Am\u00e9ricas (ITLA).<\/p>\n<p>Adem\u00e1s, con la entrada en vigor de dicho convenio, el ITLA capacitar\u00e1 a los miembros de la JRFPFFAA a sus hijos en diversos programas de capacitaci\u00f3n tecnol\u00f3gica, adaptados a las necesidades presentadas por la instituci\u00f3n, donde tendr\u00e1n acceso a una amplia variedad de carreras tecnol\u00f3gicas y cursos de educaci\u00f3n permanente para impulsar su desarrollo profesional. Tambi\u00e9n podr\u00e1n beneficiarse de los programas de pr\u00f3tesis y Proto Scanner 3D, implementados por el ITLA.<\/p>\n<p>&nbsp;<\/p>\n<p>Fuente: Prensa MIDE<\/p>\n","protected":false},"excerpt":{"rendered":"<p>Por Felix Rubio Distrito Nacional. &#8211; El Ministerio de Defensa (MIDE), a trav\u00e9s de la<\/p>\n","protected":false},"author":1,"featured_media":0,"comment_status":"open","ping_status":"open","sticky":false,"template":"","format":"standard","meta":{"footnotes":""},"categories":[7],"tags":[],"class_list":["post-5942","post","type-post","status-publish","format-standard","hentry","category-nacionales"],"_links":{"self":[{"href":"https:\/\/defrentealaverdad.com\/index.php\/wp-json\/wp\/v2\/posts\/5942","targetHints":{"allow":["GET"]}}],"collection":[{"href":"https:\/\/defrentealaverdad.com\/index.php\/wp-json\/wp\/v2\/posts"}],"about":[{"href":"https:\/\/defrentealaverdad.com\/index.php\/wp-json\/wp\/v2\/types\/post"}],"author":[{"embeddable":true,"href":"https:\/\/defrentealaverdad.com\/index.php\/wp-json\/wp\/v2\/users\/1"}],"replies":[{"embeddable":true,"href":"https:\/\/defrentealaverdad.com\/index.php\/wp-json\/wp\/v2\/comments?post=5942"}],"version-history":[{"count":1,"href":"https:\/\/defrentealaverdad.com\/index.php\/wp-json\/wp\/v2\/posts\/5942\/revisions"}],"predecessor-version":[{"id":5945,"href":"https:\/\/defrentealaverdad.com\/index.php\/wp-json\/wp\/v2\/posts\/5942\/revisions\/5945"}],"wp:attachment":[{"href":"https:\/\/defrentealaverdad.com\/index.php\/wp-json\/wp\/v2\/media?parent=5942"}],"wp:term":[{"taxonomy":"category","embeddable":true,"href":"https:\/\/defrentealaverdad.com\/index.php\/wp-json\/wp\/v2\/categories?post=5942"},{"taxonomy":"post_tag","embeddable":true,"href":"https:\/\/defrentealaverdad.com\/index.php\/wp-json\/wp\/v2\/tags?post=5942"}],"curies":[{"name":"wp","href":"https:\/\/api.w.org\/{rel}","templated":true}]}}