{"id":5935,"date":"2023-07-29T22:00:12","date_gmt":"2023-07-29T22:00:12","guid":{"rendered":"https:\/\/defrentealaverdad.com\/?p=5935"},"modified":"2023-07-29T22:00:12","modified_gmt":"2023-07-29T22:00:12","slug":"apertura-autoferia-asocivu-2023-por-el-dia-de-los-padres","status":"publish","type":"post","link":"https:\/\/defrentealaverdad.com\/index.php\/2023\/07\/29\/apertura-autoferia-asocivu-2023-por-el-dia-de-los-padres\/","title":{"rendered":"Apertura Autoferia Asocivu 2023, por el D\u00eda de los Padres"},"content":{"rendered":"<p style=\"text-align: justify;\"><img decoding=\"async\" class=\"size-medium wp-image-5936 aligncenter lazyload\" data-src=\"https:\/\/defrentealaverdad.com\/wp-content\/uploads\/2023\/07\/IMG-20230729-WA0081-300x226.jpg\" alt=\"\" width=\"300\" height=\"226\" data-srcset=\"https:\/\/defrentealaverdad.com\/wp-content\/uploads\/2023\/07\/IMG-20230729-WA0081-300x226.jpg 300w, https:\/\/defrentealaverdad.com\/wp-content\/uploads\/2023\/07\/IMG-20230729-WA0081-1024x771.jpg 1024w, https:\/\/defrentealaverdad.com\/wp-content\/uploads\/2023\/07\/IMG-20230729-WA0081-768x578.jpg 768w, https:\/\/defrentealaverdad.com\/wp-content\/uploads\/2023\/07\/IMG-20230729-WA0081-1536x1156.jpg 1536w, https:\/\/defrentealaverdad.com\/wp-content\/uploads\/2023\/07\/IMG-20230729-WA0081-720x540.jpg 720w, https:\/\/defrentealaverdad.com\/wp-content\/uploads\/2023\/07\/IMG-20230729-WA0081.jpg 1600w\" data-sizes=\"(max-width: 300px) 100vw, 300px\" src=\"data:image\/svg+xml;base64,PHN2ZyB3aWR0aD0iMSIgaGVpZ2h0PSIxIiB4bWxucz0iaHR0cDovL3d3dy53My5vcmcvMjAwMC9zdmciPjwvc3ZnPg==\" style=\"--smush-placeholder-width: 300px; --smush-placeholder-aspect-ratio: 300\/226;\" \/><br \/>\nSanto Domingo, Rep\u00fablica Dominicana, julio 2023.- La Asociaci\u00f3n de Importadores de Veh\u00edculos Usados (ASOCIVU), dio formal apertura a su trig\u00e9sima s\u00e9ptima autoferia de veh\u00edculos usados, <strong>\u201cPap\u00e1 Monta\u2019o con Asocivu 2023\u201d,<\/strong> a celebrarse hasta el lunes 31 de julio de 2023.<\/p>\n<p style=\"text-align: justify;\">El evento se desarrolla de manera presencial de 10 de la ma\u00f1ana a 10 de la noche en las instalaciones de la Ciudad Ganadera de Santo Domingo; donde se exhiben m\u00e1s de tres mil veh\u00edculos usados de diferentes a\u00f1os, precios, marcas y modelos.<\/p>\n<p style=\"text-align: justify;\">La autoferia cuenta con la participaci\u00f3n y respaldo de tres entidades bancarias: Banco BACC, Banco Caribe y Banco Confisa; quienes ofertan atractivas tasas de inter\u00e9s y financiamientos de hasta el 85% del valor del veh\u00edculo, con pr\u00e9stamos a c\u00f3modas cuotas y plazos de hasta 72 meses.<\/p>\n<p style=\"text-align: justify;\"><em>\u200b\u00bbEsta trig\u00e9sima s\u00e9ptima edici\u00f3n es una realidad, en una versi\u00f3n especial para el d\u00eda de los Padres. Siempre oferecemos el mayor inventario de veh\u00edculos al mejor precio, con las mejores ofertas y facilidades de pagos. Por eso somos la autoferia preferida por los dominicanos\u00bb<\/em>, cit\u00f3 H\u00e9ctor Rodr\u00edguez Ure\u00f1a, presidente de ASOCIVU.<\/p>\n<p style=\"text-align: justify;\">El evento cuenta con el departamento de verificaci\u00f3n de veh\u00edculos del Plan Piloto, bares y restaurantes, presentaciones art\u00edsticas y culturales, animaci\u00f3n en vivo y muchas sorpresas para el disfrute gratuito de toda la familia.<\/p>\n<p><img decoding=\"async\" class=\"size-medium wp-image-5937 aligncenter lazyload\" data-src=\"https:\/\/defrentealaverdad.com\/wp-content\/uploads\/2023\/07\/IMG-20230729-WA0082-300x200.jpg\" alt=\"\" width=\"300\" height=\"200\" data-srcset=\"https:\/\/defrentealaverdad.com\/wp-content\/uploads\/2023\/07\/IMG-20230729-WA0082-300x200.jpg 300w, https:\/\/defrentealaverdad.com\/wp-content\/uploads\/2023\/07\/IMG-20230729-WA0082-1024x682.jpg 1024w, https:\/\/defrentealaverdad.com\/wp-content\/uploads\/2023\/07\/IMG-20230729-WA0082-768x512.jpg 768w, https:\/\/defrentealaverdad.com\/wp-content\/uploads\/2023\/07\/IMG-20230729-WA0082-1536x1023.jpg 1536w, https:\/\/defrentealaverdad.com\/wp-content\/uploads\/2023\/07\/IMG-20230729-WA0082.jpg 1600w\" data-sizes=\"(max-width: 300px) 100vw, 300px\" src=\"data:image\/svg+xml;base64,PHN2ZyB3aWR0aD0iMSIgaGVpZ2h0PSIxIiB4bWxucz0iaHR0cDovL3d3dy53My5vcmcvMjAwMC9zdmciPjwvc3ZnPg==\" style=\"--smush-placeholder-width: 300px; --smush-placeholder-aspect-ratio: 300\/200;\" \/><\/p>\n<p style=\"text-align: justify;\">Adem\u00e1s de la modalidad presencial, los interesados podr\u00e1n aplicar y solicitar pr\u00e9stamos a trav\u00e9s de un extenso inventario virtual en el portal web www.Asocivu.com.<\/p>\n<p style=\"text-align: justify;\">La autoferia es patrocinada por Sansouc\u00ed Puerto de Santo Domingo, Banco BACC, Banco Caribe, Banco Confisa, Cervecer\u00eda Nacional Dominicana, Super Carros, Bantraking, Seguros APS, Carros RD, La Momumental Seguros, Seabord, Puerto R\u00edo Haina HIT, Accordia Shipping y H\u00f6egh.<\/p>\n<p>&nbsp;<\/p>\n<p>Fuente: Yissus Taveras<\/p>\n","protected":false},"excerpt":{"rendered":"<p>Santo Domingo, Rep\u00fablica Dominicana, julio 2023.- La Asociaci\u00f3n de Importadores de Veh\u00edculos Usados (ASOCIVU), dio<\/p>\n","protected":false},"author":1,"featured_media":0,"comment_status":"open","ping_status":"open","sticky":false,"template":"","format":"standard","meta":{"footnotes":""},"categories":[7],"tags":[],"class_list":["post-5935","post","type-post","status-publish","format-standard","hentry","category-nacionales"],"_links":{"self":[{"href":"https:\/\/defrentealaverdad.com\/index.php\/wp-json\/wp\/v2\/posts\/5935","targetHints":{"allow":["GET"]}}],"collection":[{"href":"https:\/\/defrentealaverdad.com\/index.php\/wp-json\/wp\/v2\/posts"}],"about":[{"href":"https:\/\/defrentealaverdad.com\/index.php\/wp-json\/wp\/v2\/types\/post"}],"author":[{"embeddable":true,"href":"https:\/\/defrentealaverdad.com\/index.php\/wp-json\/wp\/v2\/users\/1"}],"replies":[{"embeddable":true,"href":"https:\/\/defrentealaverdad.com\/index.php\/wp-json\/wp\/v2\/comments?post=5935"}],"version-history":[{"count":1,"href":"https:\/\/defrentealaverdad.com\/index.php\/wp-json\/wp\/v2\/posts\/5935\/revisions"}],"predecessor-version":[{"id":5938,"href":"https:\/\/defrentealaverdad.com\/index.php\/wp-json\/wp\/v2\/posts\/5935\/revisions\/5938"}],"wp:attachment":[{"href":"https:\/\/defrentealaverdad.com\/index.php\/wp-json\/wp\/v2\/media?parent=5935"}],"wp:term":[{"taxonomy":"category","embeddable":true,"href":"https:\/\/defrentealaverdad.com\/index.php\/wp-json\/wp\/v2\/categories?post=5935"},{"taxonomy":"post_tag","embeddable":true,"href":"https:\/\/defrentealaverdad.com\/index.php\/wp-json\/wp\/v2\/tags?post=5935"}],"curies":[{"name":"wp","href":"https:\/\/api.w.org\/{rel}","templated":true}]}}