{"id":5932,"date":"2023-07-28T23:45:13","date_gmt":"2023-07-28T23:45:13","guid":{"rendered":"https:\/\/defrentealaverdad.com\/?p=5932"},"modified":"2023-07-28T23:45:13","modified_gmt":"2023-07-28T23:45:13","slug":"solicitan-retiros-de-fichas-policiales-correspondientes-al-periodo-de-los-12-anos-utilizadas-para-fines-politicos","status":"publish","type":"post","link":"https:\/\/defrentealaverdad.com\/index.php\/2023\/07\/28\/solicitan-retiros-de-fichas-policiales-correspondientes-al-periodo-de-los-12-anos-utilizadas-para-fines-politicos\/","title":{"rendered":"Solicitan retiros de fichas Policiales correspondientes al periodo de los 12 a\u00f1os utilizadas para fines pol\u00edticos"},"content":{"rendered":"<p>Ante los hechos recientes en los que el Dr Santiago Castro Ventura y el ingeniero Juan Bautista Castillo Pujols, fueron detenidos y conducido a la polic\u00eda nacional, bajo el argumento de que tienen fichas correspondiente al periodo de los 12 a\u00f1os.*<\/p>\n<p>&nbsp;<\/p>\n<p><strong>CONSIDERANDO :<\/strong><\/p>\n<p>Que hay miles de ciudadanos fichados por \u00abcomunistas\u00bb en los archivos de la polic\u00eda nacional y que tales fichas se est\u00e1n tomando como referencia para ubicar y detener a cualquiera que est\u00e9 en los archivos policiales como personas peligrosas.<\/p>\n<p><strong>CONSIDERANDO:<\/strong><\/p>\n<p>Que esta situaci\u00f3n representa un peligro para la integridad f\u00edsica de los ciudadanos que est\u00e1n en esas fichas, pese a que hace m\u00e1s de 40 a\u00f1o se inform\u00f3 que las mismas por ser parte de un instrumento pol\u00edtico; fueron eliminadas, y que por tal raz\u00f3n las mismas ser\u00edan dejada sin efectos como sucedi\u00f3 con las del Servicio de inteligencia Militar del gobierno tujillista.<\/p>\n<p><strong>POR TALES RAZONES EXIGIMOS DEL GOBIERNO DOMINICANO :<\/strong><\/p>\n<p>PRIMERO :<\/p>\n<p>La eliminaci\u00f3n del Archivo Pol\u00edtico del SIM y del Servicio Secreto de la Polic\u00eda Nacional, por representar un instrumento de retaliacion pol\u00edtica y atentar contra la seguridad de ciudadanos que lucharon por las libertades p\u00fablicas; por lo que tales fichas deben y pueden estar en el Archivo General de la Naci\u00f3n, como referencia de consulta hist\u00f3rica.<\/p>\n<p>&nbsp;<\/p>\n<p>&nbsp;<\/p>\n<p>&nbsp;<\/p>\n<p>SEGUNDO :<\/p>\n<p>Al mismo tiempo exigimos que si la instituci\u00f3n tiene alguna acusaci\u00f3n contra un ciudadano, lo cite a trav\u00e9s del procurador de la Rep\u00fablica y no esperar que un hecho fortuito o un accidente de tr\u00e1nsito o un viaje al exterior sea momento para rebuscar expedientes de un pasado brumoso.<\/p>\n<p>&nbsp;<\/p>\n<p>TERCERO:<\/p>\n<p>Al denunciar tales hechos nos declaramos en estado de alerta y vigilancia permanente ante la violaci\u00f3n flagrante de la constituci\u00f3n de la Rep\u00fablica y de la Carta de Las Naciones Unidas.<\/p>\n<p>&nbsp;<\/p>\n<p>&nbsp;<\/p>\n<p>&nbsp;<\/p>\n<p>Por el Comit\u00e9 Permanente 9 de Febrero :<\/p>\n<p>Gabriel Garc\u00eda<\/p>\n<p>Juan Vargas<\/p>\n<p>Marino Santana<\/p>\n<p>L\u00e1zaro Garc\u00eda<\/p>\n<p>Fidel Soto<\/p>\n<p>Jacobo Moquete<\/p>\n<p>Jos\u00e9 Antonio Cuevas<\/p>\n<p>Te\u00f3filo Rodriguez<\/p>\n<p>Juan Pablo Ortega<\/p>\n<p>Nelson Garc\u00eda<\/p>\n<p>Benito Fern\u00e1ndez<\/p>\n<p>Hugo Ysalguez<\/p>\n<p>Milvio P\u00e9rez<\/p>\n<p>Joaqu\u00edn Castillo<\/p>\n<p>Tony P\u00e9rez<\/p>\n<p>&nbsp;<\/p>\n<p>&nbsp;<\/p>\n<p>Fuente: El Le\u00f1o Pinto Digital RD<\/p>\n<p>&nbsp;<\/p>\n","protected":false},"excerpt":{"rendered":"<p>Ante los hechos recientes en los que el Dr Santiago Castro Ventura y el ingeniero<\/p>\n","protected":false},"author":1,"featured_media":0,"comment_status":"open","ping_status":"open","sticky":false,"template":"","format":"standard","meta":{"footnotes":""},"categories":[7],"tags":[],"class_list":["post-5932","post","type-post","status-publish","format-standard","hentry","category-nacionales"],"_links":{"self":[{"href":"https:\/\/defrentealaverdad.com\/index.php\/wp-json\/wp\/v2\/posts\/5932","targetHints":{"allow":["GET"]}}],"collection":[{"href":"https:\/\/defrentealaverdad.com\/index.php\/wp-json\/wp\/v2\/posts"}],"about":[{"href":"https:\/\/defrentealaverdad.com\/index.php\/wp-json\/wp\/v2\/types\/post"}],"author":[{"embeddable":true,"href":"https:\/\/defrentealaverdad.com\/index.php\/wp-json\/wp\/v2\/users\/1"}],"replies":[{"embeddable":true,"href":"https:\/\/defrentealaverdad.com\/index.php\/wp-json\/wp\/v2\/comments?post=5932"}],"version-history":[{"count":1,"href":"https:\/\/defrentealaverdad.com\/index.php\/wp-json\/wp\/v2\/posts\/5932\/revisions"}],"predecessor-version":[{"id":5934,"href":"https:\/\/defrentealaverdad.com\/index.php\/wp-json\/wp\/v2\/posts\/5932\/revisions\/5934"}],"wp:attachment":[{"href":"https:\/\/defrentealaverdad.com\/index.php\/wp-json\/wp\/v2\/media?parent=5932"}],"wp:term":[{"taxonomy":"category","embeddable":true,"href":"https:\/\/defrentealaverdad.com\/index.php\/wp-json\/wp\/v2\/categories?post=5932"},{"taxonomy":"post_tag","embeddable":true,"href":"https:\/\/defrentealaverdad.com\/index.php\/wp-json\/wp\/v2\/tags?post=5932"}],"curies":[{"name":"wp","href":"https:\/\/api.w.org\/{rel}","templated":true}]}}