{"id":58865,"date":"2026-05-03T10:05:43","date_gmt":"2026-05-03T10:05:43","guid":{"rendered":"https:\/\/defrentealaverdad.com\/?p=58865"},"modified":"2026-05-03T14:06:58","modified_gmt":"2026-05-03T14:06:58","slug":"ejercito-detiene-a-23-indocumentados-tras-abandono-de-jeepeta-en-valverde","status":"publish","type":"post","link":"https:\/\/defrentealaverdad.com\/index.php\/2026\/05\/03\/ejercito-detiene-a-23-indocumentados-tras-abandono-de-jeepeta-en-valverde\/","title":{"rendered":"Ej\u00e9rcito detiene a 23 indocumentados tras abandono de jeepeta en Valverde"},"content":{"rendered":"<p>Por F\u00e9lix Rubio<\/p>\n<p style=\"text-align: justify;\"><strong>Mao, Valverde, R.D<\/strong>. \u2013 Durante una operaci\u00f3n de realizada en el municipio Mao, provincia Valverde, fueron detenidos por el Ej\u00e9rcito de Rep\u00fablica Dominicana (ERD) unos veintitr\u00e9s (23) migrantes haitianos con estatus irregular, cuando eran transportados en una jeepeta.<\/p>\n<p style=\"text-align: justify;\">La detenci\u00f3n tuvo lugar en el sector Don Bosco, donde una patrulla del Ej\u00e9rcito localiz\u00f3 una jeepeta marca Honda, modelo CR-V, a\u00f1o 2021, color gris.<\/p>\n<p style=\"text-align: justify;\">Seg\u00fan el informe, el conductor del veh\u00edculo, al notar la presencia militar, emprendi\u00f3 la huida, dejando el veh\u00edculo abandonado en el lugar.<\/p>\n<p style=\"text-align: justify;\">Al inspeccionar el interior del veh\u00edculo, las autoridades encontraron a veintitr\u00e9s (23) extranjeros indocumentados, entre ellos quince (15) hombres, cinco (05) mujeres y tres (03) menores de edad.<\/p>\n<p style=\"text-align: justify;\">Los detenidos, junto al veh\u00edculo, fueron trasladados bajo custodia a la sede de la 4ta. Brigada de Infanter\u00eda del ERD, para los fines legales correspondientes y su posterior entrega a la Direcci\u00f3n General de Migraci\u00f3n (DGM).<\/p>\n<p style=\"text-align: justify;\">El Ej\u00e9rcito de Rep\u00fablica Dominicana reiter\u00f3 su compromiso de continuar ejecutando operativos de interdicci\u00f3n y combate al tr\u00e1fico il\u00edcito de personas, en cumplimiento de su misi\u00f3n de garantizar la seguridad fronteriza.<\/p>\n<p>&nbsp;<\/p>\n<p>Fuente: Ej\u00e9rcito de Rep\u00fablica Dominicana<\/p>\n","protected":false},"excerpt":{"rendered":"<p>Por F\u00e9lix Rubio Mao, Valverde, R.D. \u2013 Durante una operaci\u00f3n de realizada en el municipio<\/p>\n","protected":false},"author":1,"featured_media":58866,"comment_status":"open","ping_status":"open","sticky":false,"template":"","format":"standard","meta":{"footnotes":""},"categories":[7],"tags":[],"class_list":["post-58865","post","type-post","status-publish","format-standard","has-post-thumbnail","hentry","category-nacionales"],"_links":{"self":[{"href":"https:\/\/defrentealaverdad.com\/index.php\/wp-json\/wp\/v2\/posts\/58865","targetHints":{"allow":["GET"]}}],"collection":[{"href":"https:\/\/defrentealaverdad.com\/index.php\/wp-json\/wp\/v2\/posts"}],"about":[{"href":"https:\/\/defrentealaverdad.com\/index.php\/wp-json\/wp\/v2\/types\/post"}],"author":[{"embeddable":true,"href":"https:\/\/defrentealaverdad.com\/index.php\/wp-json\/wp\/v2\/users\/1"}],"replies":[{"embeddable":true,"href":"https:\/\/defrentealaverdad.com\/index.php\/wp-json\/wp\/v2\/comments?post=58865"}],"version-history":[{"count":1,"href":"https:\/\/defrentealaverdad.com\/index.php\/wp-json\/wp\/v2\/posts\/58865\/revisions"}],"predecessor-version":[{"id":58867,"href":"https:\/\/defrentealaverdad.com\/index.php\/wp-json\/wp\/v2\/posts\/58865\/revisions\/58867"}],"wp:featuredmedia":[{"embeddable":true,"href":"https:\/\/defrentealaverdad.com\/index.php\/wp-json\/wp\/v2\/media\/58866"}],"wp:attachment":[{"href":"https:\/\/defrentealaverdad.com\/index.php\/wp-json\/wp\/v2\/media?parent=58865"}],"wp:term":[{"taxonomy":"category","embeddable":true,"href":"https:\/\/defrentealaverdad.com\/index.php\/wp-json\/wp\/v2\/categories?post=58865"},{"taxonomy":"post_tag","embeddable":true,"href":"https:\/\/defrentealaverdad.com\/index.php\/wp-json\/wp\/v2\/tags?post=58865"}],"curies":[{"name":"wp","href":"https:\/\/api.w.org\/{rel}","templated":true}]}}