{"id":58862,"date":"2026-05-03T09:31:21","date_gmt":"2026-05-03T09:31:21","guid":{"rendered":"https:\/\/defrentealaverdad.com\/?p=58862"},"modified":"2026-05-03T12:32:31","modified_gmt":"2026-05-03T12:32:31","slug":"3-millones-de-voces-por-maireni-y-todas-las-caidas-aboga-para-que-la-justicia-siga-su-trabajo-en-la-republica-dominicana","status":"publish","type":"post","link":"https:\/\/defrentealaverdad.com\/index.php\/2026\/05\/03\/3-millones-de-voces-por-maireni-y-todas-las-caidas-aboga-para-que-la-justicia-siga-su-trabajo-en-la-republica-dominicana\/","title":{"rendered":"3 Millones de Voces por Maireni y todas las Ca\u00eddas aboga para que la Justicia siga su trabajo en la Rep\u00fablica Dominicana."},"content":{"rendered":"<p style=\"text-align: justify;\">SANTO DOMINGO, RD. \u2013 El movimiento 3 Millones de Voces por Maireni y todas las Ca\u00eddas valor\u00f3 como un paso importante el reciente fallo emitido por un tribunal de Monte Plata, donde fue condenado a 20 a\u00f1os de prisi\u00f3n Anastacio Hern\u00e1ndez Pascual, tras ser hallado culpable del feminicidio de su pareja Elaine Esther And\u00fajar, en un hecho ocurrido el 31 de agosto de 2024.<\/p>\n<p style=\"text-align: justify;\">La organizaci\u00f3n expres\u00f3 que decisiones como esta reafirman la importancia de que el sistema judicial contin\u00fae actuando con firmeza frente a la violencia de g\u00e9nero, enviando un mensaje claro de que estos cr\u00edmenes no deben quedar impunes.<\/p>\n<blockquote>\n<p style=\"text-align: center;\">\u201cEl pa\u00eds necesita que la justicia siga su curso, sin retrocesos ni debilidades. Cada sentencia representa un avance en la lucha contra la violencia que arrebata vidas y destruye familias\u201d, manifest\u00f3 el colectivo.<\/p>\n<\/blockquote>\n<p style=\"text-align: justify;\">El caso, ocurrido en el municipio de Sabana Grande de Boy\u00e1, estuvo marcado por un alto nivel de violencia, seg\u00fan estableci\u00f3 el expediente presentado por el Ministerio P\u00fablico, representado por el procurador fiscal Jos\u00e9 del Carmen Garc\u00eda Hern\u00e1ndez, quien logr\u00f3 demostrar la responsabilidad penal del imputado.<\/p>\n<p style=\"text-align: justify;\">3 Millones de Voces por Maireni y todas las Caidas reiter\u00f3 que, aunque ninguna condena devuelve la vida a las v\u00edctimas, es fundamental que las instituciones contin\u00faen cumpliendo su rol con responsabilidad, garantizando justicia para las familias afectadas y contribuyendo a la construcci\u00f3n de una sociedad m\u00e1s segura.<\/p>\n<p style=\"text-align: justify;\">Asimismo, el movimiento insisti\u00f3 en que la memoria de Maireni y de todas las mujeres ca\u00eddas debe mantenerse viva a trav\u00e9s de acciones concretas, justicia efectiva y un compromiso nacional que no tolere la violencia en ninguna de sus formas.<\/p>\n<p>Fuente: EcoAnaliticas<\/p>\n","protected":false},"excerpt":{"rendered":"<p>SANTO DOMINGO, RD. \u2013 El movimiento 3 Millones de Voces por Maireni y todas las<\/p>\n","protected":false},"author":1,"featured_media":58863,"comment_status":"open","ping_status":"open","sticky":false,"template":"","format":"standard","meta":{"footnotes":""},"categories":[7],"tags":[],"class_list":["post-58862","post","type-post","status-publish","format-standard","has-post-thumbnail","hentry","category-nacionales"],"_links":{"self":[{"href":"https:\/\/defrentealaverdad.com\/index.php\/wp-json\/wp\/v2\/posts\/58862","targetHints":{"allow":["GET"]}}],"collection":[{"href":"https:\/\/defrentealaverdad.com\/index.php\/wp-json\/wp\/v2\/posts"}],"about":[{"href":"https:\/\/defrentealaverdad.com\/index.php\/wp-json\/wp\/v2\/types\/post"}],"author":[{"embeddable":true,"href":"https:\/\/defrentealaverdad.com\/index.php\/wp-json\/wp\/v2\/users\/1"}],"replies":[{"embeddable":true,"href":"https:\/\/defrentealaverdad.com\/index.php\/wp-json\/wp\/v2\/comments?post=58862"}],"version-history":[{"count":1,"href":"https:\/\/defrentealaverdad.com\/index.php\/wp-json\/wp\/v2\/posts\/58862\/revisions"}],"predecessor-version":[{"id":58864,"href":"https:\/\/defrentealaverdad.com\/index.php\/wp-json\/wp\/v2\/posts\/58862\/revisions\/58864"}],"wp:featuredmedia":[{"embeddable":true,"href":"https:\/\/defrentealaverdad.com\/index.php\/wp-json\/wp\/v2\/media\/58863"}],"wp:attachment":[{"href":"https:\/\/defrentealaverdad.com\/index.php\/wp-json\/wp\/v2\/media?parent=58862"}],"wp:term":[{"taxonomy":"category","embeddable":true,"href":"https:\/\/defrentealaverdad.com\/index.php\/wp-json\/wp\/v2\/categories?post=58862"},{"taxonomy":"post_tag","embeddable":true,"href":"https:\/\/defrentealaverdad.com\/index.php\/wp-json\/wp\/v2\/tags?post=58862"}],"curies":[{"name":"wp","href":"https:\/\/api.w.org\/{rel}","templated":true}]}}