{"id":58859,"date":"2026-05-03T09:03:50","date_gmt":"2026-05-03T09:03:50","guid":{"rendered":"https:\/\/defrentealaverdad.com\/?p=58859"},"modified":"2026-05-03T12:30:37","modified_gmt":"2026-05-03T12:30:37","slug":"la-dgm-conmemora-87-aniversario","status":"publish","type":"post","link":"https:\/\/defrentealaverdad.com\/index.php\/2026\/05\/03\/la-dgm-conmemora-87-aniversario\/","title":{"rendered":"La DGM conmemora 87 Aniversario"},"content":{"rendered":"<p>Por F\u00e9lix Rubio<\/p>\n<blockquote>\n<p style=\"text-align: center;\">\u00abCon esta celebraci\u00f3n la DGM reafirma su\u00a0 compromiso con la seguridad nacional y la gesti\u00f3n migratoria del pa\u00eds\u00bb<\/p>\n<\/blockquote>\n<p style=\"text-align: justify;\">SANTO DOMINGO &#8211; El tema migratorio ha sido declarado \u201cde alto inter\u00e9s para la seguridad nacional\u201d y su impacto es objeto de discusi\u00f3n en el marco del di\u00e1logo nacional desarrollado en el Consejo Econ\u00f3mico y Social con los diferentes sectores, explic\u00f3 el Director General de Migraci\u00f3n, Vicealmirante Luis Rafael Lee Ballester, ARD.<\/p>\n<p style=\"text-align: justify;\">El fen\u00f3meno migratorio en el pa\u00eds afirm\u00f3, tiene ra\u00edces hist\u00f3ricas vinculadas al desarrollo de los sectores productivos y se ha convertido en \u201cuna realidad compleja que exige respuestas firmes, coordinadas y sostenibles\u201d, dijo. En estos t\u00e9rminos se refiri\u00f3 el director de la DGM, al final de la misa de acci\u00f3n de gracias oficiada por monse\u00f1or Carlos Tom\u00e1s Morel Dipl\u00e1n, Arzobispo Coadjutor de Santo Domingo, en la Catedral Primada de Am\u00e9rica, en ocasi\u00f3n del 87.\u00ba Aniversario de la instituci\u00f3n. Durante la homil\u00eda, adem\u00e1s, el prelado Morel Dipl\u00e1n resalt\u00f3 el trabajo que realiza la instituci\u00f3n y \u201cla importancia de hacer cumplir la Ley, pero respetando siempre los derechos humanos y la dignidad de los extranjeros, que transitan o viven en territorio nacional\u201d.<\/p>\n<p style=\"text-align: justify;\">En la actualidad, detall\u00f3 Lee Ballester, los flujos migratorios irregulares, particularmente desde Hait\u00ed, responden a factores estructurales, en un contexto que \u201cha incrementado la presi\u00f3n migratoria hacia nuestro territorio, demandando una gesti\u00f3n responsable, coherente y alineada con la seguridad y desarrollo del pa\u00eds\u201d. El titular de la DGM, expuso:<\/p>\n<blockquote>\n<p style=\"text-align: center;\">\u201cEs claro y preciso: hacer cumplir la Ley General de Migraci\u00f3n y las disposiciones del Estado Dominicano. No tenemos facultad deliberativa en la definici\u00f3n de las pol\u00edticas migratorias, actuamos como \u00f3rgano ejecutor\u201d.<\/p>\n<\/blockquote>\n<p style=\"text-align: justify;\">Por esto, asegur\u00f3 Lee Ballester, \u201chemos fortalecido nuestras capacidades operativas, ampliando las acciones de interdicci\u00f3n y consolidando una mayor presencia institucional\u201d, incluyendo el reclutamiento de m\u00e1s de 1,200 agentes de interdicci\u00f3n, de los cuales m\u00e1s de 1,000 ya se encuentran desplegados realizando operaciones. Este despliegue, agreg\u00f3, \u201cha sido posible gracias al fortalecimiento del capital humano, mejora de los procesos y la incorporaci\u00f3n de tecnolog\u00edas\u201d.<\/p>\n<p style=\"text-align: justify;\">Explic\u00f3 que los nuevos agentes son formados con estrictos est\u00e1ndares de derechos humanos, legalidad y uso proporcional de la fuerza, mientras se avanza en el sistema de control incorporando mecanismos de verificaci\u00f3n y registro que permiten actuar con mayor precisi\u00f3n. Lee Ballester, adem\u00e1s, destac\u00f3 que la instituci\u00f3n avanza en el desarrollo del Centro de Operaciones de Control Migratorio, que permitir\u00e1:<\/p>\n<blockquote>\n<p style=\"text-align: center;\">\u201cIntegrar informaci\u00f3n relativa a los flujos migratorios por los diferentes puntos de control para fortalecer el an\u00e1lisis de riesgo y mejorar la toma de decisiones\u201d.<\/p>\n<\/blockquote>\n<p style=\"text-align: justify;\">Resalt\u00f3 el apoyo del Presidente de la Rep\u00fablica, Luis Abinader, con recursos para equipamiento y log\u00edstica, con el objetivo de hacer m\u00e1s eficientes los procesos y procedimientos de la DGM. Estas inversiones, explic\u00f3, han permitido mejorar la movilidad y eficiencia de las operaciones, ampliar la cobertura territorial y responder con mayor eficacia a las din\u00e1micas cambiantes del fen\u00f3meno migratorio. De octubre del 2024 a la fecha, inform\u00f3 se han deportado 597 mil extranjeros en condici\u00f3n migratoria irregular, se han fortalecido los controles en aeropuertos, puertos mar\u00edtimos y puestos fronterizos, gracias al trabajo coordinado con el Ministerio de Defensa y la Polic\u00eda Nacional.<\/p>\n<p style=\"text-align: justify;\">En la Eucarist\u00eda participaron, en representaci\u00f3n de la Ministra de Interior y Polic\u00eda, Faride Raful, la Viceministra de Asuntos Migratorios Dayana D\u00edaz; en representaci\u00f3n del Ministro de Defensa, Teniente General Carlos Antonio Fern\u00e1ndez Onofre, ERD., el Viceministro de Defensa para Asuntos Militares, Mayor General Miguel \u00c1ngel Rubio B\u00e1ez, ERD., y el Comandante General de la Armada Vicealmirante Juan Bienvenido Cris\u00f3stomo Mart\u00ednez.<\/p>\n<p style=\"text-align: justify;\">Adem\u00e1s, estuvieron presentes el Dr. Milton Ray Guevara, pasado Presidente del Tribunal Constitucional, los empresarios Elena Viyella de Paliza y Porfirio L\u00f3pez Nieto, Sacha Zacar\u00edas, Maritza L\u00f3pez Casta\u00f1os de Ortiz, presidenta administradora del Instituto de Desarrollo y Cr\u00e9dito Cooperativo (IDECOOP) en la Rep\u00fablica Dominicana, An\u00edbal de Castro, director del Diario Libre, Persio Maldonado director del Peri\u00f3dico Nuevo Diario, junto a otras autoridades civiles, militares e invitados especiales.<\/p>\n<p style=\"text-align: justify;\">Concluida la misa una comitiva encabezada por el Vicealmirante Lee Ballester se dirigi\u00f3 al Altar de la Patria para depositar una ofrenda floral. De regreso a la sede central de la DGM, las celebraciones culminaron en el Sal\u00f3n Juan Pablo Duarte con un acto de reconocimiento a m\u00e1s de 130 colaboradores destacados, por su desempe\u00f1o y compromiso con los objetivos institucionales.<\/p>\n<p>Fuente: Direcci\u00f3n de Comunicaciones DGM<\/p>\n","protected":false},"excerpt":{"rendered":"<p>Por F\u00e9lix Rubio \u00abCon esta celebraci\u00f3n la DGM reafirma su\u00a0 compromiso con la seguridad nacional<\/p>\n","protected":false},"author":1,"featured_media":58860,"comment_status":"open","ping_status":"open","sticky":false,"template":"","format":"standard","meta":{"footnotes":""},"categories":[7],"tags":[],"class_list":["post-58859","post","type-post","status-publish","format-standard","has-post-thumbnail","hentry","category-nacionales"],"_links":{"self":[{"href":"https:\/\/defrentealaverdad.com\/index.php\/wp-json\/wp\/v2\/posts\/58859","targetHints":{"allow":["GET"]}}],"collection":[{"href":"https:\/\/defrentealaverdad.com\/index.php\/wp-json\/wp\/v2\/posts"}],"about":[{"href":"https:\/\/defrentealaverdad.com\/index.php\/wp-json\/wp\/v2\/types\/post"}],"author":[{"embeddable":true,"href":"https:\/\/defrentealaverdad.com\/index.php\/wp-json\/wp\/v2\/users\/1"}],"replies":[{"embeddable":true,"href":"https:\/\/defrentealaverdad.com\/index.php\/wp-json\/wp\/v2\/comments?post=58859"}],"version-history":[{"count":1,"href":"https:\/\/defrentealaverdad.com\/index.php\/wp-json\/wp\/v2\/posts\/58859\/revisions"}],"predecessor-version":[{"id":58861,"href":"https:\/\/defrentealaverdad.com\/index.php\/wp-json\/wp\/v2\/posts\/58859\/revisions\/58861"}],"wp:featuredmedia":[{"embeddable":true,"href":"https:\/\/defrentealaverdad.com\/index.php\/wp-json\/wp\/v2\/media\/58860"}],"wp:attachment":[{"href":"https:\/\/defrentealaverdad.com\/index.php\/wp-json\/wp\/v2\/media?parent=58859"}],"wp:term":[{"taxonomy":"category","embeddable":true,"href":"https:\/\/defrentealaverdad.com\/index.php\/wp-json\/wp\/v2\/categories?post=58859"},{"taxonomy":"post_tag","embeddable":true,"href":"https:\/\/defrentealaverdad.com\/index.php\/wp-json\/wp\/v2\/tags?post=58859"}],"curies":[{"name":"wp","href":"https:\/\/api.w.org\/{rel}","templated":true}]}}