{"id":58820,"date":"2026-05-01T10:55:30","date_gmt":"2026-05-01T10:55:30","guid":{"rendered":"https:\/\/defrentealaverdad.com\/?p=58820"},"modified":"2026-05-01T17:56:57","modified_gmt":"2026-05-01T17:56:57","slug":"escuelas-vocacionales-lanzan-programa-radial-para-promover-formacion-tecnica-en-rd","status":"publish","type":"post","link":"https:\/\/defrentealaverdad.com\/index.php\/2026\/05\/01\/escuelas-vocacionales-lanzan-programa-radial-para-promover-formacion-tecnica-en-rd\/","title":{"rendered":"Escuelas Vocacionales lanzan programa radial para promover formaci\u00f3n t\u00e9cnica en RD"},"content":{"rendered":"<p>Por F\u00e9lix Rubio<\/p>\n<p style=\"text-align: justify;\"><strong>Santo Domingo.<\/strong>\u2013 La Direcci\u00f3n General de las Escuelas Vocacionales de las Fuerzas Armadas y la Polic\u00eda Nacional (DIGEV) realiz\u00f3 la primera emisi\u00f3n de su programa radial \u201cEscuelas Vocacionales de las Fuerzas Armadas Contigo\u201d, orientado a informar, orientar e inspirar a la ciudadan\u00eda sobre oportunidades de formaci\u00f3n t\u00e9cnico-vocacional.<\/p>\n<p style=\"text-align: justify;\">El espacio se transmitir\u00e1 cada mi\u00e9rcoles de 10:00 a.m. a 11:00 a.m. por Hifa 106.9 FM y 102.7 FM, as\u00ed como en plataformas digitales. Durante su lanzamiento, se abordaron temas como educaci\u00f3n t\u00e9cnica, emprendimiento y orientaci\u00f3n vocacional.<\/p>\n<p style=\"text-align: justify;\">El director de la DIGEV, coronel Jos\u00e9 Ram\u00f3n Reyes Su\u00e1rez, destac\u00f3 que el programa busca acercar la instituci\u00f3n a la poblaci\u00f3n y fomentar el desarrollo personal y profesional de los dominicanos.<\/p>\n<p>Fuente: Prensa DIGEV<\/p>\n","protected":false},"excerpt":{"rendered":"<p>Por F\u00e9lix Rubio Santo Domingo.\u2013 La Direcci\u00f3n General de las Escuelas Vocacionales de las Fuerzas<\/p>\n","protected":false},"author":1,"featured_media":58821,"comment_status":"open","ping_status":"open","sticky":false,"template":"","format":"standard","meta":{"footnotes":""},"categories":[7],"tags":[],"class_list":["post-58820","post","type-post","status-publish","format-standard","has-post-thumbnail","hentry","category-nacionales"],"_links":{"self":[{"href":"https:\/\/defrentealaverdad.com\/index.php\/wp-json\/wp\/v2\/posts\/58820","targetHints":{"allow":["GET"]}}],"collection":[{"href":"https:\/\/defrentealaverdad.com\/index.php\/wp-json\/wp\/v2\/posts"}],"about":[{"href":"https:\/\/defrentealaverdad.com\/index.php\/wp-json\/wp\/v2\/types\/post"}],"author":[{"embeddable":true,"href":"https:\/\/defrentealaverdad.com\/index.php\/wp-json\/wp\/v2\/users\/1"}],"replies":[{"embeddable":true,"href":"https:\/\/defrentealaverdad.com\/index.php\/wp-json\/wp\/v2\/comments?post=58820"}],"version-history":[{"count":1,"href":"https:\/\/defrentealaverdad.com\/index.php\/wp-json\/wp\/v2\/posts\/58820\/revisions"}],"predecessor-version":[{"id":58822,"href":"https:\/\/defrentealaverdad.com\/index.php\/wp-json\/wp\/v2\/posts\/58820\/revisions\/58822"}],"wp:featuredmedia":[{"embeddable":true,"href":"https:\/\/defrentealaverdad.com\/index.php\/wp-json\/wp\/v2\/media\/58821"}],"wp:attachment":[{"href":"https:\/\/defrentealaverdad.com\/index.php\/wp-json\/wp\/v2\/media?parent=58820"}],"wp:term":[{"taxonomy":"category","embeddable":true,"href":"https:\/\/defrentealaverdad.com\/index.php\/wp-json\/wp\/v2\/categories?post=58820"},{"taxonomy":"post_tag","embeddable":true,"href":"https:\/\/defrentealaverdad.com\/index.php\/wp-json\/wp\/v2\/tags?post=58820"}],"curies":[{"name":"wp","href":"https:\/\/api.w.org\/{rel}","templated":true}]}}